{"id":14054,"date":"2021-10-07T08:00:00","date_gmt":"2021-10-07T06:00:00","guid":{"rendered":"https:\/\/www.infolocale.fr\/blog\/?p=14054"},"modified":"2021-11-29T12:24:47","modified_gmt":"2021-11-29T11:24:47","slug":"subventions-aux-associations-deux-changements-dans-le-cadre-legal","status":"publish","type":"post","link":"https:\/\/www.infolocale.fr\/blog\/subventions-aux-associations-deux-changements-dans-le-cadre-legal\/","title":{"rendered":"Subventions aux associations : ce que change la loi de juillet 2021"},"content":{"rendered":"\n<p>Au mois de juillet, deux lois faisant \u00e9voluer la\u00a0<a href=\"https:\/\/www.infolocale.fr\/blog\/responsabilite-financiere-association-loi-du-1er-juillet-2021\/\">responsabilit\u00e9 financi\u00e8re<\/a> des dirigeants,\u00a0l\u2019encadrement des subventions\u00a0et le\u00a0pr\u00eat entre\u00a0associations ont \u00e9t\u00e9 vot\u00e9es.\u00a0Nous vous proposons\u00a0dans cet article\u00a0un r\u00e9sum\u00e9 de ce que ces textes apportent dans le domaine\u00a0des <a href=\"https:\/\/www.infolocale.fr\/blog\/demande-subvention-association\/\">subventions aux associations<\/a>.\u00a0<\/p>\n\n\n\n<p>Deux points importants ont \u00e9t\u00e9 modifi\u00e9s par la loi de juillet 2021-875 : <\/p>\n\n\n\n<ul class=\"wp-block-list\"><li>le d\u00e9lai&nbsp;de versement des subventions,<\/li><li>ce qu\u2019il advient&nbsp;des subventions non enti\u00e8rement consomm\u00e9es.&nbsp;<\/li><\/ul>\n\n\n\n<h2 class=\"wp-block-heading\">D\u00e9lai de versement des subventions&nbsp;<\/h2>\n\n\n\n<p class=\"has-black-color has-text-color has-background\" style=\"background-color:#a1d5f5\"> <span style=\"font-size: revert;\">\u00ab\u00a0<em>Le d\u00e9lai de paiement de la subvention est fix\u00e9 \u00e0 soixante jours [&#8230;], \u00e0 moins que l&rsquo;autorit\u00e9 administrative, [&#8230;] n&rsquo;ait arr\u00eat\u00e9 d&rsquo;autres dates de versement ou n&rsquo;ait subordonn\u00e9 le versement \u00e0 la survenance d&rsquo;un \u00e9v\u00e8nement d\u00e9termin\u00e9.<\/em>\u00ab\u00a0<\/span><br><br>Article 10 de la loi n\u00b0 2000-321&nbsp;modifi\u00e9 par la loi 2021-875 de juillet  <\/p>\n\n\n\n<p>Les organismes&nbsp;et autorit\u00e9s administratives ayant octroy\u00e9&nbsp;une subvention \u00e0 une association auront d\u00e9sormais un d\u00e9lai maximum de 60 jours pour en effectuer le versement.&nbsp;<\/p>\n\n\n\n<p>Cependant, les autorit\u00e9s administratives peuvent conditionner le d\u00e9clenchement de la subvention accord\u00e9e <\/p>\n\n\n\n<ul class=\"wp-block-list\"><li>\u00e0 une date pr\u00e9cise<\/li><li>\u00e0 un&nbsp;\u00e9v\u00e9nement pr\u00e9cis.&nbsp;<\/li><\/ul>\n\n\n\n<p>Dans ce cas, le d\u00e9lai de 60 jours ne s\u2019applique pas.&nbsp;<\/p>\n\n\n\n<h2 class=\"wp-block-heading\">Conserver une subvention m\u00eame si elle n\u2019a pas \u00e9t\u00e9 enti\u00e8rement utilis\u00e9e&nbsp;<\/h2>\n\n\n\n<p>La loi pr\u00e9cise d\u00e9sormais que dans ce domaine les organismes octroyant des subventions devront pr\u00e9ciser : <span style=\"font-size: revert; color: initial;\">\u00ab\u00a0<em>Le montant, les modalit\u00e9s de versement, les conditions d&rsquo;utilisation et les modalit\u00e9s de contr\u00f4le et d&rsquo;\u00e9valuation de la subvention attribu\u00e9e ainsi que les conditions dans lesquelles l&rsquo;organisme, s&rsquo;il est \u00e0 but non lucratif, peut conserver tout ou partie d&rsquo;une subvention n&rsquo;ayant pas \u00e9t\u00e9 int\u00e9gralement consomm\u00e9e.<\/em>\u00ab\u00a0<\/span> <\/p>\n\n\n\n<p>La loi 2021-875 permet donc d\u00e9sormais aux associations de conserver une subvention&nbsp;qui n\u2019aurait pas \u00e9t\u00e9 enti\u00e8rement utilis\u00e9e.&nbsp;Ce sera \u00e0 l\u2019autorit\u00e9 administrative ou \u00e0 l\u2019organisme charg\u00e9 de la mission de service public&nbsp;qui l&rsquo;attribue de fixer le cadre d&rsquo;attribution et de renouvellement.<\/p>\n","protected":false},"excerpt":{"rendered":"<p>Au mois de juillet, deux lois faisant \u00e9voluer la\u00a0responsabilit\u00e9 financi\u00e8re des dirigeants,\u00a0l\u2019encadrement des subventions\u00a0et le\u00a0pr\u00eat entre\u00a0associations ont \u00e9t\u00e9 vot\u00e9es.\u00a0Nous vous proposons\u00a0dans cet article\u00a0un r\u00e9sum\u00e9 de [&hellip;]<\/p>\n","protected":false},"author":2,"featured_media":14058,"comment_status":"open","ping_status":"open","sticky":false,"template":"","format":"standard","meta":{"_coblocks_attr":"","_coblocks_dimensions":"","_coblocks_responsive_height":"","_coblocks_accordion_ie_support":"","_mo_disable_npp":"","footnotes":""},"categories":[6,73],"tags":[],"class_list":["post-14054","post","type-post","status-publish","format-standard","has-post-thumbnail","hentry","category-actu-acteurs-locaux","category-economie-des-associations"],"yoast_head":"<!-- This site is optimized with the Yoast SEO plugin v23.2 - https:\/\/yoast.com\/wordpress\/plugins\/seo\/ -->\n<title>Subventions aux associations : ce que change la loi de juillet 2021 |<\/title>\n<meta name=\"robots\" content=\"index, follow, max-snippet:-1, max-image-preview:large, max-video-preview:-1\" \/>\n<link rel=\"canonical\" href=\"https:\/\/www.infolocale.fr\/blog\/subventions-aux-associations-deux-changements-dans-le-cadre-legal\/\" \/>\n<meta property=\"og:locale\" content=\"fr_FR\" \/>\n<meta property=\"og:type\" content=\"article\" \/>\n<meta property=\"og:title\" content=\"Subventions aux associations : ce que change la loi de juillet 2021 |\" \/>\n<meta property=\"og:description\" content=\"Au mois de juillet, deux lois faisant \u00e9voluer la\u00a0responsabilit\u00e9 financi\u00e8re des dirigeants,\u00a0l\u2019encadrement des subventions\u00a0et le\u00a0pr\u00eat entre\u00a0associations ont \u00e9t\u00e9 vot\u00e9es.\u00a0Nous vous proposons\u00a0dans cet article\u00a0un r\u00e9sum\u00e9 de [&hellip;]\" \/>\n<meta property=\"og:url\" content=\"https:\/\/www.infolocale.fr\/blog\/subventions-aux-associations-deux-changements-dans-le-cadre-legal\/\" \/>\n<meta property=\"article:publisher\" content=\"https:\/\/www.facebook.com\/infolocaleFR\/\" \/>\n<meta property=\"article:published_time\" content=\"2021-10-07T06:00:00+00:00\" \/>\n<meta property=\"article:modified_time\" content=\"2021-11-29T11:24:47+00:00\" \/>\n<meta property=\"og:image\" content=\"https:\/\/www.infolocale.fr\/blog\/wp-content\/uploads\/2021\/10\/subvention-droit-association.jpg\" \/>\n\t<meta property=\"og:image:width\" content=\"900\" \/>\n\t<meta property=\"og:image:height\" content=\"630\" \/>\n\t<meta property=\"og:image:type\" content=\"image\/jpeg\" \/>\n<meta name=\"author\" content=\"Morgan\" \/>\n<meta name=\"twitter:card\" content=\"summary_large_image\" \/>\n<meta name=\"twitter:creator\" content=\"@infolocale\" \/>\n<meta name=\"twitter:site\" content=\"@infolocale\" \/>\n<meta name=\"twitter:label1\" content=\"\u00c9crit par\" \/>\n\t<meta name=\"twitter:data1\" content=\"Morgan\" \/>\n\t<meta name=\"twitter:label2\" content=\"Dur\u00e9e de lecture estim\u00e9e\" \/>\n\t<meta name=\"twitter:data2\" content=\"2 minutes\" \/>\n<script type=\"application\/ld+json\" class=\"yoast-schema-graph\">{\"@context\":\"https:\/\/schema.org\",\"@graph\":[{\"@type\":\"Article\",\"@id\":\"https:\/\/www.infolocale.fr\/blog\/subventions-aux-associations-deux-changements-dans-le-cadre-legal\/#article\",\"isPartOf\":{\"@id\":\"https:\/\/www.infolocale.fr\/blog\/subventions-aux-associations-deux-changements-dans-le-cadre-legal\/\"},\"author\":{\"name\":\"Morgan\",\"@id\":\"https:\/\/www.infolocale.fr\/blog\/#\/schema\/person\/f0f748ece99417833166b3ba8890f3db\"},\"headline\":\"Subventions aux associations : ce que change la loi de juillet 2021\",\"datePublished\":\"2021-10-07T06:00:00+00:00\",\"dateModified\":\"2021-11-29T11:24:47+00:00\",\"mainEntityOfPage\":{\"@id\":\"https:\/\/www.infolocale.fr\/blog\/subventions-aux-associations-deux-changements-dans-le-cadre-legal\/\"},\"wordCount\":353,\"commentCount\":1,\"publisher\":{\"@id\":\"https:\/\/www.infolocale.fr\/blog\/#organization\"},\"image\":{\"@id\":\"https:\/\/www.infolocale.fr\/blog\/subventions-aux-associations-deux-changements-dans-le-cadre-legal\/#primaryimage\"},\"thumbnailUrl\":\"https:\/\/www.infolocale.fr\/blog\/wp-content\/uploads\/2021\/10\/subvention-droit-association.jpg\",\"articleSection\":[\"En ce moment\",\"Financement des associations\"],\"inLanguage\":\"fr-FR\",\"potentialAction\":[{\"@type\":\"CommentAction\",\"name\":\"Comment\",\"target\":[\"https:\/\/www.infolocale.fr\/blog\/subventions-aux-associations-deux-changements-dans-le-cadre-legal\/#respond\"]}]},{\"@type\":\"WebPage\",\"@id\":\"https:\/\/www.infolocale.fr\/blog\/subventions-aux-associations-deux-changements-dans-le-cadre-legal\/\",\"url\":\"https:\/\/www.infolocale.fr\/blog\/subventions-aux-associations-deux-changements-dans-le-cadre-legal\/\",\"name\":\"Subventions aux associations : ce que change la loi de juillet 2021 |\",\"isPartOf\":{\"@id\":\"https:\/\/www.infolocale.fr\/blog\/#website\"},\"primaryImageOfPage\":{\"@id\":\"https:\/\/www.infolocale.fr\/blog\/subventions-aux-associations-deux-changements-dans-le-cadre-legal\/#primaryimage\"},\"image\":{\"@id\":\"https:\/\/www.infolocale.fr\/blog\/subventions-aux-associations-deux-changements-dans-le-cadre-legal\/#primaryimage\"},\"thumbnailUrl\":\"https:\/\/www.infolocale.fr\/blog\/wp-content\/uploads\/2021\/10\/subvention-droit-association.jpg\",\"datePublished\":\"2021-10-07T06:00:00+00:00\",\"dateModified\":\"2021-11-29T11:24:47+00:00\",\"breadcrumb\":{\"@id\":\"https:\/\/www.infolocale.fr\/blog\/subventions-aux-associations-deux-changements-dans-le-cadre-legal\/#breadcrumb\"},\"inLanguage\":\"fr-FR\",\"potentialAction\":[{\"@type\":\"ReadAction\",\"target\":[\"https:\/\/www.infolocale.fr\/blog\/subventions-aux-associations-deux-changements-dans-le-cadre-legal\/\"]}]},{\"@type\":\"ImageObject\",\"inLanguage\":\"fr-FR\",\"@id\":\"https:\/\/www.infolocale.fr\/blog\/subventions-aux-associations-deux-changements-dans-le-cadre-legal\/#primaryimage\",\"url\":\"https:\/\/www.infolocale.fr\/blog\/wp-content\/uploads\/2021\/10\/subvention-droit-association.jpg\",\"contentUrl\":\"https:\/\/www.infolocale.fr\/blog\/wp-content\/uploads\/2021\/10\/subvention-droit-association.jpg\",\"width\":900,\"height\":630,\"caption\":\"Subventions : les associations vont pouvoir conserver les subventions qu'elles n'ont pas utilis\u00e9.\"},{\"@type\":\"BreadcrumbList\",\"@id\":\"https:\/\/www.infolocale.fr\/blog\/subventions-aux-associations-deux-changements-dans-le-cadre-legal\/#breadcrumb\",\"itemListElement\":[{\"@type\":\"ListItem\",\"position\":1,\"name\":\"Blog\",\"item\":\"https:\/\/infolocale.ouest-france.fr\/blog\/\"},{\"@type\":\"ListItem\",\"position\":2,\"name\":\"En ce moment\",\"item\":\"https:\/\/infolocale.20minutes.fr\/blog\/cat\/actu-acteurs-locaux\/\"},{\"@type\":\"ListItem\",\"position\":3,\"name\":\"Subventions aux associations : ce que change la loi de juillet 2021\"}]},{\"@type\":\"WebSite\",\"@id\":\"https:\/\/www.infolocale.fr\/blog\/#website\",\"url\":\"https:\/\/www.infolocale.fr\/blog\/\",\"name\":\"\",\"description\":\"\",\"publisher\":{\"@id\":\"https:\/\/www.infolocale.fr\/blog\/#organization\"},\"potentialAction\":[{\"@type\":\"SearchAction\",\"target\":{\"@type\":\"EntryPoint\",\"urlTemplate\":\"https:\/\/www.infolocale.fr\/blog\/?s={search_term_string}\"},\"query-input\":\"required name=search_term_string\"}],\"inLanguage\":\"fr-FR\"},{\"@type\":\"Organization\",\"@id\":\"https:\/\/www.infolocale.fr\/blog\/#organization\",\"name\":\"Infolocale\",\"url\":\"https:\/\/www.infolocale.fr\/blog\/\",\"logo\":{\"@type\":\"ImageObject\",\"inLanguage\":\"fr-FR\",\"@id\":\"https:\/\/www.infolocale.fr\/blog\/#\/schema\/logo\/image\/\",\"url\":\"https:\/\/www.infolocale.fr\/blog\/wp-content\/uploads\/2020\/11\/logol.jpg\",\"contentUrl\":\"https:\/\/www.infolocale.fr\/blog\/wp-content\/uploads\/2020\/11\/logol.jpg\",\"width\":1031,\"height\":398,\"caption\":\"Infolocale\"},\"image\":{\"@id\":\"https:\/\/www.infolocale.fr\/blog\/#\/schema\/logo\/image\/\"},\"sameAs\":[\"https:\/\/www.facebook.com\/infolocaleFR\/\",\"https:\/\/x.com\/infolocale\",\"https:\/\/www.instagram.com\/infolocale\/\",\"https:\/\/fr.linkedin.com\/company\/infolocale\",\"https:\/\/www.youtube.com\/channel\/UCnv4FA8EYEuu_si3TGr7xeA\"]},{\"@type\":\"Person\",\"@id\":\"https:\/\/www.infolocale.fr\/blog\/#\/schema\/person\/f0f748ece99417833166b3ba8890f3db\",\"name\":\"Morgan\",\"image\":{\"@type\":\"ImageObject\",\"inLanguage\":\"fr-FR\",\"@id\":\"https:\/\/www.infolocale.fr\/blog\/#\/schema\/person\/image\/\",\"url\":\"https:\/\/secure.gravatar.com\/avatar\/a22ec2a0cc817ae9fa3ff7341a213632?s=96&d=mm&r=g\",\"contentUrl\":\"https:\/\/secure.gravatar.com\/avatar\/a22ec2a0cc817ae9fa3ff7341a213632?s=96&d=mm&r=g\",\"caption\":\"Morgan\"},\"url\":\"https:\/\/www.infolocale.fr\/blog\/author\/morgan-delepine\/\"}]}<\/script>\n<!-- \/ Yoast SEO plugin. -->","yoast_head_json":{"title":"Subventions aux associations : ce que change la loi de juillet 2021 |","robots":{"index":"index","follow":"follow","max-snippet":"max-snippet:-1","max-image-preview":"max-image-preview:large","max-video-preview":"max-video-preview:-1"},"canonical":"https:\/\/www.infolocale.fr\/blog\/subventions-aux-associations-deux-changements-dans-le-cadre-legal\/","og_locale":"fr_FR","og_type":"article","og_title":"Subventions aux associations : ce que change la loi de juillet 2021 |","og_description":"Au mois de juillet, deux lois faisant \u00e9voluer la\u00a0responsabilit\u00e9 financi\u00e8re des dirigeants,\u00a0l\u2019encadrement des subventions\u00a0et le\u00a0pr\u00eat entre\u00a0associations ont \u00e9t\u00e9 vot\u00e9es.\u00a0Nous vous proposons\u00a0dans cet article\u00a0un r\u00e9sum\u00e9 de [&hellip;]","og_url":"https:\/\/www.infolocale.fr\/blog\/subventions-aux-associations-deux-changements-dans-le-cadre-legal\/","article_publisher":"https:\/\/www.facebook.com\/infolocaleFR\/","article_published_time":"2021-10-07T06:00:00+00:00","article_modified_time":"2021-11-29T11:24:47+00:00","og_image":[{"width":900,"height":630,"url":"https:\/\/www.infolocale.fr\/blog\/wp-content\/uploads\/2021\/10\/subvention-droit-association.jpg","type":"image\/jpeg"}],"author":"Morgan","twitter_card":"summary_large_image","twitter_creator":"@infolocale","twitter_site":"@infolocale","twitter_misc":{"\u00c9crit par":"Morgan","Dur\u00e9e de lecture estim\u00e9e":"2 minutes"},"schema":{"@context":"https:\/\/schema.org","@graph":[{"@type":"Article","@id":"https:\/\/www.infolocale.fr\/blog\/subventions-aux-associations-deux-changements-dans-le-cadre-legal\/#article","isPartOf":{"@id":"https:\/\/www.infolocale.fr\/blog\/subventions-aux-associations-deux-changements-dans-le-cadre-legal\/"},"author":{"name":"Morgan","@id":"https:\/\/www.infolocale.fr\/blog\/#\/schema\/person\/f0f748ece99417833166b3ba8890f3db"},"headline":"Subventions aux associations : ce que change la loi de juillet 2021","datePublished":"2021-10-07T06:00:00+00:00","dateModified":"2021-11-29T11:24:47+00:00","mainEntityOfPage":{"@id":"https:\/\/www.infolocale.fr\/blog\/subventions-aux-associations-deux-changements-dans-le-cadre-legal\/"},"wordCount":353,"commentCount":1,"publisher":{"@id":"https:\/\/www.infolocale.fr\/blog\/#organization"},"image":{"@id":"https:\/\/www.infolocale.fr\/blog\/subventions-aux-associations-deux-changements-dans-le-cadre-legal\/#primaryimage"},"thumbnailUrl":"https:\/\/www.infolocale.fr\/blog\/wp-content\/uploads\/2021\/10\/subvention-droit-association.jpg","articleSection":["En ce moment","Financement des associations"],"inLanguage":"fr-FR","potentialAction":[{"@type":"CommentAction","name":"Comment","target":["https:\/\/www.infolocale.fr\/blog\/subventions-aux-associations-deux-changements-dans-le-cadre-legal\/#respond"]}]},{"@type":"WebPage","@id":"https:\/\/www.infolocale.fr\/blog\/subventions-aux-associations-deux-changements-dans-le-cadre-legal\/","url":"https:\/\/www.infolocale.fr\/blog\/subventions-aux-associations-deux-changements-dans-le-cadre-legal\/","name":"Subventions aux associations : ce que change la loi de juillet 2021 |","isPartOf":{"@id":"https:\/\/www.infolocale.fr\/blog\/#website"},"primaryImageOfPage":{"@id":"https:\/\/www.infolocale.fr\/blog\/subventions-aux-associations-deux-changements-dans-le-cadre-legal\/#primaryimage"},"image":{"@id":"https:\/\/www.infolocale.fr\/blog\/subventions-aux-associations-deux-changements-dans-le-cadre-legal\/#primaryimage"},"thumbnailUrl":"https:\/\/www.infolocale.fr\/blog\/wp-content\/uploads\/2021\/10\/subvention-droit-association.jpg","datePublished":"2021-10-07T06:00:00+00:00","dateModified":"2021-11-29T11:24:47+00:00","breadcrumb":{"@id":"https:\/\/www.infolocale.fr\/blog\/subventions-aux-associations-deux-changements-dans-le-cadre-legal\/#breadcrumb"},"inLanguage":"fr-FR","potentialAction":[{"@type":"ReadAction","target":["https:\/\/www.infolocale.fr\/blog\/subventions-aux-associations-deux-changements-dans-le-cadre-legal\/"]}]},{"@type":"ImageObject","inLanguage":"fr-FR","@id":"https:\/\/www.infolocale.fr\/blog\/subventions-aux-associations-deux-changements-dans-le-cadre-legal\/#primaryimage","url":"https:\/\/www.infolocale.fr\/blog\/wp-content\/uploads\/2021\/10\/subvention-droit-association.jpg","contentUrl":"https:\/\/www.infolocale.fr\/blog\/wp-content\/uploads\/2021\/10\/subvention-droit-association.jpg","width":900,"height":630,"caption":"Subventions : les associations vont pouvoir conserver les subventions qu'elles n'ont pas utilis\u00e9."},{"@type":"BreadcrumbList","@id":"https:\/\/www.infolocale.fr\/blog\/subventions-aux-associations-deux-changements-dans-le-cadre-legal\/#breadcrumb","itemListElement":[{"@type":"ListItem","position":1,"name":"Blog","item":"https:\/\/infolocale.ouest-france.fr\/blog\/"},{"@type":"ListItem","position":2,"name":"En ce moment","item":"https:\/\/infolocale.20minutes.fr\/blog\/cat\/actu-acteurs-locaux\/"},{"@type":"ListItem","position":3,"name":"Subventions aux associations : ce que change la loi de juillet 2021"}]},{"@type":"WebSite","@id":"https:\/\/www.infolocale.fr\/blog\/#website","url":"https:\/\/www.infolocale.fr\/blog\/","name":"","description":"","publisher":{"@id":"https:\/\/www.infolocale.fr\/blog\/#organization"},"potentialAction":[{"@type":"SearchAction","target":{"@type":"EntryPoint","urlTemplate":"https:\/\/www.infolocale.fr\/blog\/?s={search_term_string}"},"query-input":"required name=search_term_string"}],"inLanguage":"fr-FR"},{"@type":"Organization","@id":"https:\/\/www.infolocale.fr\/blog\/#organization","name":"Infolocale","url":"https:\/\/www.infolocale.fr\/blog\/","logo":{"@type":"ImageObject","inLanguage":"fr-FR","@id":"https:\/\/www.infolocale.fr\/blog\/#\/schema\/logo\/image\/","url":"https:\/\/www.infolocale.fr\/blog\/wp-content\/uploads\/2020\/11\/logol.jpg","contentUrl":"https:\/\/www.infolocale.fr\/blog\/wp-content\/uploads\/2020\/11\/logol.jpg","width":1031,"height":398,"caption":"Infolocale"},"image":{"@id":"https:\/\/www.infolocale.fr\/blog\/#\/schema\/logo\/image\/"},"sameAs":["https:\/\/www.facebook.com\/infolocaleFR\/","https:\/\/x.com\/infolocale","https:\/\/www.instagram.com\/infolocale\/","https:\/\/fr.linkedin.com\/company\/infolocale","https:\/\/www.youtube.com\/channel\/UCnv4FA8EYEuu_si3TGr7xeA"]},{"@type":"Person","@id":"https:\/\/www.infolocale.fr\/blog\/#\/schema\/person\/f0f748ece99417833166b3ba8890f3db","name":"Morgan","image":{"@type":"ImageObject","inLanguage":"fr-FR","@id":"https:\/\/www.infolocale.fr\/blog\/#\/schema\/person\/image\/","url":"https:\/\/secure.gravatar.com\/avatar\/a22ec2a0cc817ae9fa3ff7341a213632?s=96&d=mm&r=g","contentUrl":"https:\/\/secure.gravatar.com\/avatar\/a22ec2a0cc817ae9fa3ff7341a213632?s=96&d=mm&r=g","caption":"Morgan"},"url":"https:\/\/www.infolocale.fr\/blog\/author\/morgan-delepine\/"}]}},"_links":{"self":[{"href":"https:\/\/www.infolocale.fr\/blog\/wp-json\/wp\/v2\/posts\/14054"}],"collection":[{"href":"https:\/\/www.infolocale.fr\/blog\/wp-json\/wp\/v2\/posts"}],"about":[{"href":"https:\/\/www.infolocale.fr\/blog\/wp-json\/wp\/v2\/types\/post"}],"author":[{"embeddable":true,"href":"https:\/\/www.infolocale.fr\/blog\/wp-json\/wp\/v2\/users\/2"}],"replies":[{"embeddable":true,"href":"https:\/\/www.infolocale.fr\/blog\/wp-json\/wp\/v2\/comments?post=14054"}],"version-history":[{"count":0,"href":"https:\/\/www.infolocale.fr\/blog\/wp-json\/wp\/v2\/posts\/14054\/revisions"}],"wp:featuredmedia":[{"embeddable":true,"href":"https:\/\/www.infolocale.fr\/blog\/wp-json\/wp\/v2\/media\/14058"}],"wp:attachment":[{"href":"https:\/\/www.infolocale.fr\/blog\/wp-json\/wp\/v2\/media?parent=14054"}],"wp:term":[{"taxonomy":"category","embeddable":true,"href":"https:\/\/www.infolocale.fr\/blog\/wp-json\/wp\/v2\/categories?post=14054"},{"taxonomy":"post_tag","embeddable":true,"href":"https:\/\/www.infolocale.fr\/blog\/wp-json\/wp\/v2\/tags?post=14054"}],"curies":[{"name":"wp","href":"https:\/\/api.w.org\/{rel}","templated":true}]}}