{"id":13593,"date":"2021-12-02T16:03:43","date_gmt":"2021-12-02T15:03:43","guid":{"rendered":"https:\/\/www.infolocale.fr\/blog\/?p=13593"},"modified":"2021-12-02T16:03:45","modified_gmt":"2021-12-02T15:03:45","slug":"les-dons-aux-associations-ont-augmente","status":"publish","type":"post","link":"https:\/\/www.infolocale.fr\/blog\/les-dons-aux-associations-ont-augmente\/","title":{"rendered":"Les dons aux associations ont augment\u00e9 en 2020"},"content":{"rendered":"\n<p>Les dons aux associations ont augment\u00e9 en 2020. Favoris\u00e9s par le soutien fiscal et le contexte engendr\u00e9 par la pand\u00e9mie. En effet les incitations fiscales du gouvernement et le Covid-19 ont favoris\u00e9 les dons aux associations en 2020. Malgr\u00e9 les crises et les tensions, les Fran\u00e7ais restent g\u00e9n\u00e9reux.&nbsp;<\/p>\n\n\n\n<h2 class=\"wp-block-heading\">Une augmentation des dons de + 7 %<\/h2>\n\n\n\n<p>Le montant&nbsp;des dons d\u00e9clar\u00e9s au titre de l\u2019imp\u00f4t sur le revenu&nbsp;a augment\u00e9 de<strong>&nbsp;<\/strong>7,1%&nbsp;et<strong>&nbsp;<\/strong>les donateurs sont \u00e9galement plus nombreux.<\/p>\n\n\n\n<p>Les Fran\u00e7ais ont d\u00e9clar\u00e9 2,85 milliards d&rsquo;euros de dons en&nbsp;2020 dans le cadre de l&rsquo;imp\u00f4t sur le revenu. Ils ont \u00e9t\u00e9 plus nombreux puisque l&rsquo;on constate <strong>une augmentation de + 3.4 % de donateurs<\/strong>.<\/p>\n\n\n\n<p>Le don moyen annuel d\u00e9clar\u00e9 pr\u00e9sente une nouvelle hausse. Son montant est de 570 euros en 2020. Il s&rsquo;\u00e9levait \u00e0 404 euros en 2013. <\/p>\n\n\n\n<h2 class=\"wp-block-heading\">Plus de donateurs parmi les jeunes de moins de 30 ans<\/h2>\n\n\n\n<p>Les jeunes de moins de 30 ans&nbsp;affichent toujours \u00ab&nbsp;<em>un effort de don<\/em>&nbsp;\u00bb au regard de leurs revenus, en deuxi\u00e8me&nbsp;position (2,4%) apr\u00e8s celui des plus de 70 ans (2,7%).&nbsp;Le don moyen s\u2019\u00e9l\u00e8ve \u00e0 347 euros chez les moins de 30 ans et \u00e0 665 euros chez les plus de 70 ans.<\/p>\n\n\n\n<h2 class=\"wp-block-heading\">Des dons favoris\u00e9s par des nouvelles applications juridiques<\/h2>\n\n\n\n<p>Le Blog d&rsquo;Infolocale pr\u00e9sente une synth\u00e8se r\u00e9cente des nouvelles applications juridiques, notamment celles vot\u00e9es durant l&rsquo;\u00e9t\u00e9 2021 dans l&rsquo;article <em><a href=\"https:\/\/www.infolocale.fr\/blog\/collecter-des-dons-pour-mon-association\/\">La collecte de dons<\/a><\/em> <em>pour votre association<\/em>, qui reprend les termes de <a href=\"https:\/\/www.infolocale.fr\/blog\/la-loi-du-24-aout-2021-legifere-la-collecte-des-dons-pour-les-associations\/\">La loi du 24\/08\/2021<\/a>. Cette derni\u00e8re comporte une nouvelle r\u00e9glementation concernant l&rsquo;appel du public \u00e0 la g\u00e9n\u00e9rosit\u00e9. <\/p>\n\n\n\n<p>Cette nouvelle loi  permet notamment la d\u00e9duction de 75&nbsp;% des sommes vers\u00e9es \u00e0 des associations qui fournissent gratuitement des repas aux personnes en difficult\u00e9 ou les aident \u00e0 se loger.<\/p>\n\n\n\n<div class=\"wp-block-buttons is-horizontal is-content-justification-center is-layout-flex wp-container-core-buttons-is-layout-1 wp-block-buttons-is-layout-flex\">\n<div class=\"wp-block-button\"><a class=\"wp-block-button__link has-white-color has-luminous-vivid-amber-background-color has-text-color has-background wp-element-button\"><strong>&gt;&gt;Inscrire mon asso \u00e0 Infolocale <\/strong><\/a><\/div>\n<\/div>\n\n\n\n<h2 class=\"wp-block-heading\">Prolongement du plafond \u00e0 1&nbsp;000 euros de la d\u00e9duction fiscale pour&nbsp;2022 et&nbsp;2023<\/h2>\n\n\n\n<p><a href=\"https:\/\/www.service-public.fr\/particuliers\/actualites\/A14591\" target=\"_blank\" rel=\"noreferrer noopener\">L&rsquo;amendement&nbsp;Coluche<\/a>, adopt\u00e9 le 12&nbsp;novembre 2021&nbsp;en projet de loi de finances pour 2022, prolonge le plafond de   1 000 euros jusqu&rsquo;au 31 d\u00e9cembre 2023.<\/p>\n\n\n\n<p>A l&rsquo;origine le plafond ouvrant droit \u00e0 la d\u00e9fiscalisation \u00e9tait de 552 euros Mais en mars 2020, le Parlement l&rsquo;avait rehauss\u00e9 temporairement \u00e0 1 000 euros pour faire face \u00e0 la pr\u00e9carit\u00e9 due \u00e0 la crise sanitaire.  <em>\u00ab&nbsp;Cette hausse du plafond a permis d\u2019accompagner un \u00e9lan de solidarit\u00e9 historique de la part de nos concitoyens&nbsp;\u00bb<\/em>, rel\u00e8ve l\u2019amendement dans son expos\u00e9 des motifs. Mais&nbsp;<em>\u00ab&nbsp;de nombreuses situations de fragilit\u00e9 \u00e9conomique peuvent encore \u00eatre pr\u00e9sentes dans les territoires&nbsp;\u00bb&nbsp;<\/em>est-il observ\u00e9. Le dispositif \u00ab&nbsp;Coluche&nbsp;\u00bb renforc\u00e9 sera donc prorog\u00e9 en&nbsp;2022 et 2023. <\/p>\n\n\n\n<p>Il s&rsquo;agit d&rsquo;une v\u00e9ritable incitation fiscale du gouvernement en faveur des dons aux associations. Cette d\u00e9duction fiscale a favoris\u00e9 l&rsquo;augmentation des dons aux associations caritatives. En revanche, les autres causes n&rsquo;ont pas b\u00e9n\u00e9fici\u00e9 d&rsquo;une plus grande g\u00e9n\u00e9rosit\u00e9 des Fran\u00e7ais, comme le montre une \u00e9tude r\u00e9alis\u00e9e par <a href=\"https:\/\/recherches-solidarites.org\/wp-content\/uploads\/2021\/11\/La-generosite-23-11-2021.pdf\" target=\"_blank\" rel=\"noreferrer noopener\">Recherches &amp; Solidarit\u00e9s<\/a> avec les donn\u00e9es du fisc. Cette \u00e9tude porte sur cinq millions de foyers fiscaux, qui d\u00e9clare un don au titre de l&rsquo;imp\u00f4t sur le revenu. <\/p>\n\n\n\n<p>Pour \u00eatre inform\u00e9s de toute l&rsquo;actualit\u00e9 du monde associatif et b\u00e9n\u00e9ficier des conseils de fonctionnement de votre association, inscrivez votre association sur Infolocale.fr <\/p>\n\n\n\n<h2 class=\"wp-block-heading\">Augmentation des dons constat\u00e9e apr\u00e8s ce soutien fiscal <\/h2>\n\n\n\n<p>les Fran\u00e7ais ont d\u00e9clar\u00e9 2,85 milliards d&rsquo;euros de dons en&nbsp;2020. Cette augmentation des dons s&rsquo;explique par un \u00ab&nbsp;effet fiscal&nbsp;\u00bb, \u00e0 savoir la hausse du plafond de 546 euros \u00e0 1 000 euros, d\u00e9cid\u00e9e par le gouvernement pour les dons aux organismes venant en aide aux personnes en difficult\u00e9 ou aux victimes de&nbsp;violences domestiques. Ces nouvelles mesures sont li\u00e9es au Covid-19. Ses cons\u00e9quences sociales ont souvent \u00e9t\u00e9 l&rsquo;\u00e9l\u00e9ment d\u00e9clencheur.&nbsp;<em>\u00ab\u00a0Je consid\u00e8re \u00e7a comme un devoir de citoyen de pouvoir aider quand on le peut\u00a0\u00bb<\/em>, confie une jeune femme interrog\u00e9e par les \u00e9quipes de France T\u00e9l\u00e9visions.<\/p>\n\n\n\n<h2 class=\"wp-block-heading\">Hausse du nombre de foyers ayant d\u00e9clar\u00e9 un don<\/h2>\n\n\n\n<p>Le nombre de foyers qui d\u00e9clare un&nbsp;don au titre de l&rsquo;imp\u00f4t sur le revenu est en hausse de 3,4&nbsp;% en 2020.<\/p>\n\n\n\n<p>Le nombre des donateurs effectuant un don au titre de l\u2019aide aux personnes en difficult\u00e9 a augment\u00e9 globalement de 7,8&nbsp;% entre&nbsp;2019 et&nbsp;2020. Les associations de solidarit\u00e9 sont les premi\u00e8res \u00e0 b\u00e9n\u00e9ficier de la hausse des dons selon l&rsquo;\u00e9tude avec une hausse de 23 %, puis les associations de d\u00e9fense de l&rsquo;environnement (+17,4 %) et de la solidarit\u00e9 internationale (+6,9 %).<\/p>\n\n\n\n<p>Par contre d&rsquo;autres causes n&rsquo;ont pas b\u00e9n\u00e9fici\u00e9 d&rsquo;une plus grande g\u00e9n\u00e9rosit\u00e9 des Fran\u00e7ais<\/p>\n\n\n<div class=\"wp-block-image is-resized\">\n<figure class=\"aligncenter size-large has-lightbox\"><a href=\"https:\/\/www.infolocale.fr\/decouvrir\/deposant\/?utm_source=blog&amp;utm_medium=banner&amp;utm_campaign=blog-content\"><img fetchpriority=\"high\" decoding=\"async\" width=\"1024\" height=\"1024\" src=\"https:\/\/www.infolocale.fr\/blog\/wp-content\/uploads\/2021\/11\/banniere-NLDASSO-carree1500x1500-1024x1024.jpg\" alt=\"\" class=\"wp-image-23946\" srcset=\"https:\/\/www.infolocale.fr\/blog\/wp-content\/uploads\/2021\/11\/banniere-NLDASSO-carree1500x1500-1024x1024.jpg 1024w, https:\/\/www.infolocale.fr\/blog\/wp-content\/uploads\/2021\/11\/banniere-NLDASSO-carree1500x1500-300x300.jpg 300w, https:\/\/www.infolocale.fr\/blog\/wp-content\/uploads\/2021\/11\/banniere-NLDASSO-carree1500x1500-150x150.jpg 150w, https:\/\/www.infolocale.fr\/blog\/wp-content\/uploads\/2021\/11\/banniere-NLDASSO-carree1500x1500-768x768.jpg 768w, https:\/\/www.infolocale.fr\/blog\/wp-content\/uploads\/2021\/11\/banniere-NLDASSO-carree1500x1500.jpg 1500w\" sizes=\"(max-width: 1024px) 100vw, 1024px\" \/><\/a><\/figure><\/div>\n\n\n<h2 class=\"wp-block-heading\">Plus de cinq milliards de dons en 2020 <\/h2>\n\n\n\n<p>L&rsquo;\u00e9tude de <em>Recherches &amp; Solidarit\u00e9s<\/em> estime \u00e0 un peu plus de cinq milliards d&rsquo;euros la totalit\u00e9 des dons effectu\u00e9s par les particuliers en 2020. En additionnant le montant des dons d\u00e9clar\u00e9s (2,8 milliards), les dons non d\u00e9clar\u00e9s qui auraient pu l&rsquo;\u00eatre (1,2 milliard), et les dons qui ne peuvent pas faire l&rsquo;objet d&rsquo;une d\u00e9claration faute de re\u00e7u fiscal (de la main \u00e0 la main, arrondis en caisse, dons par SMS&#8230;) aux alentours d&rsquo;1 milliard.<\/p>\n\n\n\n<h2 class=\"wp-block-heading\">+15%&nbsp;pour les Restos du C\u0153ur<\/h2>\n\n\n\n<p>Outre les dons en nature aux Banques Alimentaires, les associations qui viennent en aide aux plus d\u00e9munis ont r\u00e9colt\u00e9 en 2020 plus de 600 millions d&rsquo;euros.&nbsp;Pour les seuls Restos du C\u0153ur, les dons ont augment\u00e9 de&nbsp;15%.&nbsp;Une ressource indispensable selon l&rsquo;association, afin de faire face \u00e0 une crise sociale qui pourrait s&rsquo;installer dans la dur\u00e9e.&nbsp;<em>\u00ab\u00a0\u00c7a nous a aid\u00e9&nbsp;pour&nbsp;tenir,&nbsp;(\u2026)&nbsp;mais ce qui est&nbsp;important c&rsquo;est de pouvoir nous pr\u00e9parer \u00e9galement pour l&rsquo;avenir\u00a0\u00bb<\/em>, estime Patrice&nbsp;Douret, le pr\u00e9sident de l&rsquo;association des Restos du Coeur.<\/p>\n\n\n\n<p>Les associations de d\u00e9fense de l&rsquo;environnement enregistrent \u00e9galement une hausse de&nbsp;19%&nbsp;des dons en 2020.<\/p>\n\n\n\n<p>La recherche est \u00e9galement bien soutenue notamment par l&rsquo;Institut Curie qui lutte contre le cancer.<\/p>\n\n\n\n<p>Ce bilan 2020 aux allures positives concerne les dons d\u00e9clar\u00e9s au titre de l\u2019imp\u00f4t sur le revenu. Les dons effectu\u00e9s aux organismes d\u2019aide aux personnes en difficult\u00e9, ont \u00e9t\u00e9 encourag\u00e9s par une mesure fiscale et par la crise sociale, engendr\u00e9e par la pand\u00e9mie, apparue en 2020. <\/p>\n\n\n\n<div class=\"wp-block-buttons is-horizontal is-content-justification-center is-layout-flex wp-container-core-buttons-is-layout-2 wp-block-buttons-is-layout-flex\">\n<div class=\"wp-block-button\"><a class=\"wp-block-button__link has-white-color has-luminous-vivid-amber-background-color has-text-color has-background wp-element-button\"><strong>&gt;&gt;Inscrire mon asso \u00e0 Infolocale <\/strong><\/a><\/div>\n<\/div>\n","protected":false},"excerpt":{"rendered":"<p>Les dons aux associations ont augment\u00e9 en 2020, Favoris\u00e9s par le soutien fiscal et le contexte engendr\u00e9 par la pand\u00e9mie. <\/p>\n","protected":false},"author":8,"featured_media":13538,"comment_status":"open","ping_status":"open","sticky":false,"template":"","format":"standard","meta":{"_coblocks_attr":"","_coblocks_dimensions":"","_coblocks_responsive_height":"","_coblocks_accordion_ie_support":"","_mo_disable_npp":"","footnotes":""},"categories":[6],"tags":[],"class_list":["post-13593","post","type-post","status-publish","format-standard","has-post-thumbnail","hentry","category-actu-acteurs-locaux"],"yoast_head":"<!-- This site is optimized with the Yoast SEO plugin v23.2 - https:\/\/yoast.com\/wordpress\/plugins\/seo\/ -->\n<title>Les dons aux associations ont augment\u00e9 en 2020 |<\/title>\n<meta name=\"description\" content=\"Les dons ont augment\u00e9 gr\u00e2ce au soutien fiscal et \u00e0 la pand\u00e9mie. En 2020Le montant des dons vers\u00e9 aux associations a augment\u00e9 de plus de 7%\" \/>\n<meta name=\"robots\" content=\"index, follow, max-snippet:-1, max-image-preview:large, max-video-preview:-1\" \/>\n<link rel=\"canonical\" href=\"https:\/\/infolocale.20minutes.fr\/blog\/les-dons-aux-associations-ont-augmente\/\" \/>\n<meta property=\"og:locale\" content=\"fr_FR\" \/>\n<meta property=\"og:type\" content=\"article\" \/>\n<meta property=\"og:title\" content=\"Les dons aux associations ont augment\u00e9 en 2020 |\" \/>\n<meta property=\"og:description\" content=\"Les dons ont augment\u00e9 gr\u00e2ce au soutien fiscal et \u00e0 la pand\u00e9mie. En 2020Le montant des dons vers\u00e9 aux associations a augment\u00e9 de plus de 7%\" \/>\n<meta property=\"og:url\" content=\"https:\/\/infolocale.20minutes.fr\/blog\/les-dons-aux-associations-ont-augmente\/\" \/>\n<meta property=\"article:publisher\" content=\"https:\/\/www.facebook.com\/infolocaleFR\/\" \/>\n<meta property=\"article:published_time\" content=\"2021-12-02T15:03:43+00:00\" \/>\n<meta property=\"article:modified_time\" content=\"2021-12-02T15:03:45+00:00\" \/>\n<meta property=\"og:image\" content=\"https:\/\/infolocale.20minutes.fr\/blog\/wp-content\/uploads\/2021\/09\/Conserve_900x630.jpg\" \/>\n\t<meta property=\"og:image:width\" content=\"900\" \/>\n\t<meta property=\"og:image:height\" content=\"630\" \/>\n\t<meta property=\"og:image:type\" content=\"image\/jpeg\" \/>\n<meta name=\"author\" content=\"Myl\u00e8ne\" \/>\n<meta name=\"twitter:card\" content=\"summary_large_image\" \/>\n<meta name=\"twitter:creator\" content=\"@infolocale\" \/>\n<meta name=\"twitter:site\" content=\"@infolocale\" \/>\n<meta name=\"twitter:label1\" content=\"\u00c9crit par\" \/>\n\t<meta name=\"twitter:data1\" content=\"Myl\u00e8ne\" \/>\n\t<meta name=\"twitter:label2\" content=\"Dur\u00e9e de lecture estim\u00e9e\" \/>\n\t<meta name=\"twitter:data2\" content=\"5 minutes\" \/>\n<script type=\"application\/ld+json\" class=\"yoast-schema-graph\">{\"@context\":\"https:\/\/schema.org\",\"@graph\":[{\"@type\":\"Article\",\"@id\":\"https:\/\/infolocale.20minutes.fr\/blog\/les-dons-aux-associations-ont-augmente\/#article\",\"isPartOf\":{\"@id\":\"https:\/\/infolocale.20minutes.fr\/blog\/les-dons-aux-associations-ont-augmente\/\"},\"author\":{\"name\":\"Myl\u00e8ne\",\"@id\":\"https:\/\/www.infolocale.fr\/blog\/#\/schema\/person\/bf2dc50c6636ffa2ce3e44ef1f9eb97f\"},\"headline\":\"Les dons aux associations ont augment\u00e9 en 2020\",\"datePublished\":\"2021-12-02T15:03:43+00:00\",\"dateModified\":\"2021-12-02T15:03:45+00:00\",\"mainEntityOfPage\":{\"@id\":\"https:\/\/infolocale.20minutes.fr\/blog\/les-dons-aux-associations-ont-augmente\/\"},\"wordCount\":1058,\"commentCount\":0,\"publisher\":{\"@id\":\"https:\/\/www.infolocale.fr\/blog\/#organization\"},\"image\":{\"@id\":\"https:\/\/infolocale.20minutes.fr\/blog\/les-dons-aux-associations-ont-augmente\/#primaryimage\"},\"thumbnailUrl\":\"https:\/\/www.infolocale.fr\/blog\/wp-content\/uploads\/2021\/09\/Conserve_900x630.jpg\",\"articleSection\":[\"En ce moment\"],\"inLanguage\":\"fr-FR\",\"potentialAction\":[{\"@type\":\"CommentAction\",\"name\":\"Comment\",\"target\":[\"https:\/\/infolocale.20minutes.fr\/blog\/les-dons-aux-associations-ont-augmente\/#respond\"]}]},{\"@type\":\"WebPage\",\"@id\":\"https:\/\/infolocale.20minutes.fr\/blog\/les-dons-aux-associations-ont-augmente\/\",\"url\":\"https:\/\/infolocale.20minutes.fr\/blog\/les-dons-aux-associations-ont-augmente\/\",\"name\":\"Les dons aux associations ont augment\u00e9 en 2020 |\",\"isPartOf\":{\"@id\":\"https:\/\/www.infolocale.fr\/blog\/#website\"},\"primaryImageOfPage\":{\"@id\":\"https:\/\/infolocale.20minutes.fr\/blog\/les-dons-aux-associations-ont-augmente\/#primaryimage\"},\"image\":{\"@id\":\"https:\/\/infolocale.20minutes.fr\/blog\/les-dons-aux-associations-ont-augmente\/#primaryimage\"},\"thumbnailUrl\":\"https:\/\/www.infolocale.fr\/blog\/wp-content\/uploads\/2021\/09\/Conserve_900x630.jpg\",\"datePublished\":\"2021-12-02T15:03:43+00:00\",\"dateModified\":\"2021-12-02T15:03:45+00:00\",\"description\":\"Les dons ont augment\u00e9 gr\u00e2ce au soutien fiscal et \u00e0 la pand\u00e9mie. En 2020Le montant des dons vers\u00e9 aux associations a augment\u00e9 de plus de 7%\",\"breadcrumb\":{\"@id\":\"https:\/\/infolocale.20minutes.fr\/blog\/les-dons-aux-associations-ont-augmente\/#breadcrumb\"},\"inLanguage\":\"fr-FR\",\"potentialAction\":[{\"@type\":\"ReadAction\",\"target\":[\"https:\/\/infolocale.20minutes.fr\/blog\/les-dons-aux-associations-ont-augmente\/\"]}]},{\"@type\":\"ImageObject\",\"inLanguage\":\"fr-FR\",\"@id\":\"https:\/\/infolocale.20minutes.fr\/blog\/les-dons-aux-associations-ont-augmente\/#primaryimage\",\"url\":\"https:\/\/www.infolocale.fr\/blog\/wp-content\/uploads\/2021\/09\/Conserve_900x630.jpg\",\"contentUrl\":\"https:\/\/www.infolocale.fr\/blog\/wp-content\/uploads\/2021\/09\/Conserve_900x630.jpg\",\"width\":900,\"height\":630,\"caption\":\"Plusieurs actions sont envisageables pour financer son association\"},{\"@type\":\"BreadcrumbList\",\"@id\":\"https:\/\/infolocale.20minutes.fr\/blog\/les-dons-aux-associations-ont-augmente\/#breadcrumb\",\"itemListElement\":[{\"@type\":\"ListItem\",\"position\":1,\"name\":\"Blog\",\"item\":\"https:\/\/infolocale.ouest-france.fr\/blog\/\"},{\"@type\":\"ListItem\",\"position\":2,\"name\":\"En ce moment\",\"item\":\"https:\/\/infolocale.20minutes.fr\/blog\/cat\/actu-acteurs-locaux\/\"},{\"@type\":\"ListItem\",\"position\":3,\"name\":\"Les dons aux associations ont augment\u00e9 en 2020\"}]},{\"@type\":\"WebSite\",\"@id\":\"https:\/\/www.infolocale.fr\/blog\/#website\",\"url\":\"https:\/\/www.infolocale.fr\/blog\/\",\"name\":\"\",\"description\":\"\",\"publisher\":{\"@id\":\"https:\/\/www.infolocale.fr\/blog\/#organization\"},\"potentialAction\":[{\"@type\":\"SearchAction\",\"target\":{\"@type\":\"EntryPoint\",\"urlTemplate\":\"https:\/\/www.infolocale.fr\/blog\/?s={search_term_string}\"},\"query-input\":\"required name=search_term_string\"}],\"inLanguage\":\"fr-FR\"},{\"@type\":\"Organization\",\"@id\":\"https:\/\/www.infolocale.fr\/blog\/#organization\",\"name\":\"Infolocale\",\"url\":\"https:\/\/www.infolocale.fr\/blog\/\",\"logo\":{\"@type\":\"ImageObject\",\"inLanguage\":\"fr-FR\",\"@id\":\"https:\/\/www.infolocale.fr\/blog\/#\/schema\/logo\/image\/\",\"url\":\"https:\/\/www.infolocale.fr\/blog\/wp-content\/uploads\/2020\/11\/logol.jpg\",\"contentUrl\":\"https:\/\/www.infolocale.fr\/blog\/wp-content\/uploads\/2020\/11\/logol.jpg\",\"width\":1031,\"height\":398,\"caption\":\"Infolocale\"},\"image\":{\"@id\":\"https:\/\/www.infolocale.fr\/blog\/#\/schema\/logo\/image\/\"},\"sameAs\":[\"https:\/\/www.facebook.com\/infolocaleFR\/\",\"https:\/\/x.com\/infolocale\",\"https:\/\/www.instagram.com\/infolocale\/\",\"https:\/\/fr.linkedin.com\/company\/infolocale\",\"https:\/\/www.youtube.com\/channel\/UCnv4FA8EYEuu_si3TGr7xeA\"]},{\"@type\":\"Person\",\"@id\":\"https:\/\/www.infolocale.fr\/blog\/#\/schema\/person\/bf2dc50c6636ffa2ce3e44ef1f9eb97f\",\"name\":\"Myl\u00e8ne\",\"image\":{\"@type\":\"ImageObject\",\"inLanguage\":\"fr-FR\",\"@id\":\"https:\/\/www.infolocale.fr\/blog\/#\/schema\/person\/image\/\",\"url\":\"https:\/\/secure.gravatar.com\/avatar\/49511f0ea4b41ed3062b218e30f07042?s=96&d=mm&r=g\",\"contentUrl\":\"https:\/\/secure.gravatar.com\/avatar\/49511f0ea4b41ed3062b218e30f07042?s=96&d=mm&r=g\",\"caption\":\"Myl\u00e8ne\"},\"url\":\"https:\/\/www.infolocale.fr\/blog\/author\/mylene-michel\/\"}]}<\/script>\n<!-- \/ Yoast SEO plugin. -->","yoast_head_json":{"title":"Les dons aux associations ont augment\u00e9 en 2020 |","description":"Les dons ont augment\u00e9 gr\u00e2ce au soutien fiscal et \u00e0 la pand\u00e9mie. En 2020Le montant des dons vers\u00e9 aux associations a augment\u00e9 de plus de 7%","robots":{"index":"index","follow":"follow","max-snippet":"max-snippet:-1","max-image-preview":"max-image-preview:large","max-video-preview":"max-video-preview:-1"},"canonical":"https:\/\/infolocale.20minutes.fr\/blog\/les-dons-aux-associations-ont-augmente\/","og_locale":"fr_FR","og_type":"article","og_title":"Les dons aux associations ont augment\u00e9 en 2020 |","og_description":"Les dons ont augment\u00e9 gr\u00e2ce au soutien fiscal et \u00e0 la pand\u00e9mie. En 2020Le montant des dons vers\u00e9 aux associations a augment\u00e9 de plus de 7%","og_url":"https:\/\/infolocale.20minutes.fr\/blog\/les-dons-aux-associations-ont-augmente\/","article_publisher":"https:\/\/www.facebook.com\/infolocaleFR\/","article_published_time":"2021-12-02T15:03:43+00:00","article_modified_time":"2021-12-02T15:03:45+00:00","og_image":[{"width":900,"height":630,"url":"https:\/\/infolocale.20minutes.fr\/blog\/wp-content\/uploads\/2021\/09\/Conserve_900x630.jpg","type":"image\/jpeg"}],"author":"Myl\u00e8ne","twitter_card":"summary_large_image","twitter_creator":"@infolocale","twitter_site":"@infolocale","twitter_misc":{"\u00c9crit par":"Myl\u00e8ne","Dur\u00e9e de lecture estim\u00e9e":"5 minutes"},"schema":{"@context":"https:\/\/schema.org","@graph":[{"@type":"Article","@id":"https:\/\/infolocale.20minutes.fr\/blog\/les-dons-aux-associations-ont-augmente\/#article","isPartOf":{"@id":"https:\/\/infolocale.20minutes.fr\/blog\/les-dons-aux-associations-ont-augmente\/"},"author":{"name":"Myl\u00e8ne","@id":"https:\/\/www.infolocale.fr\/blog\/#\/schema\/person\/bf2dc50c6636ffa2ce3e44ef1f9eb97f"},"headline":"Les dons aux associations ont augment\u00e9 en 2020","datePublished":"2021-12-02T15:03:43+00:00","dateModified":"2021-12-02T15:03:45+00:00","mainEntityOfPage":{"@id":"https:\/\/infolocale.20minutes.fr\/blog\/les-dons-aux-associations-ont-augmente\/"},"wordCount":1058,"commentCount":0,"publisher":{"@id":"https:\/\/www.infolocale.fr\/blog\/#organization"},"image":{"@id":"https:\/\/infolocale.20minutes.fr\/blog\/les-dons-aux-associations-ont-augmente\/#primaryimage"},"thumbnailUrl":"https:\/\/www.infolocale.fr\/blog\/wp-content\/uploads\/2021\/09\/Conserve_900x630.jpg","articleSection":["En ce moment"],"inLanguage":"fr-FR","potentialAction":[{"@type":"CommentAction","name":"Comment","target":["https:\/\/infolocale.20minutes.fr\/blog\/les-dons-aux-associations-ont-augmente\/#respond"]}]},{"@type":"WebPage","@id":"https:\/\/infolocale.20minutes.fr\/blog\/les-dons-aux-associations-ont-augmente\/","url":"https:\/\/infolocale.20minutes.fr\/blog\/les-dons-aux-associations-ont-augmente\/","name":"Les dons aux associations ont augment\u00e9 en 2020 |","isPartOf":{"@id":"https:\/\/www.infolocale.fr\/blog\/#website"},"primaryImageOfPage":{"@id":"https:\/\/infolocale.20minutes.fr\/blog\/les-dons-aux-associations-ont-augmente\/#primaryimage"},"image":{"@id":"https:\/\/infolocale.20minutes.fr\/blog\/les-dons-aux-associations-ont-augmente\/#primaryimage"},"thumbnailUrl":"https:\/\/www.infolocale.fr\/blog\/wp-content\/uploads\/2021\/09\/Conserve_900x630.jpg","datePublished":"2021-12-02T15:03:43+00:00","dateModified":"2021-12-02T15:03:45+00:00","description":"Les dons ont augment\u00e9 gr\u00e2ce au soutien fiscal et \u00e0 la pand\u00e9mie. En 2020Le montant des dons vers\u00e9 aux associations a augment\u00e9 de plus de 7%","breadcrumb":{"@id":"https:\/\/infolocale.20minutes.fr\/blog\/les-dons-aux-associations-ont-augmente\/#breadcrumb"},"inLanguage":"fr-FR","potentialAction":[{"@type":"ReadAction","target":["https:\/\/infolocale.20minutes.fr\/blog\/les-dons-aux-associations-ont-augmente\/"]}]},{"@type":"ImageObject","inLanguage":"fr-FR","@id":"https:\/\/infolocale.20minutes.fr\/blog\/les-dons-aux-associations-ont-augmente\/#primaryimage","url":"https:\/\/www.infolocale.fr\/blog\/wp-content\/uploads\/2021\/09\/Conserve_900x630.jpg","contentUrl":"https:\/\/www.infolocale.fr\/blog\/wp-content\/uploads\/2021\/09\/Conserve_900x630.jpg","width":900,"height":630,"caption":"Plusieurs actions sont envisageables pour financer son association"},{"@type":"BreadcrumbList","@id":"https:\/\/infolocale.20minutes.fr\/blog\/les-dons-aux-associations-ont-augmente\/#breadcrumb","itemListElement":[{"@type":"ListItem","position":1,"name":"Blog","item":"https:\/\/infolocale.ouest-france.fr\/blog\/"},{"@type":"ListItem","position":2,"name":"En ce moment","item":"https:\/\/infolocale.20minutes.fr\/blog\/cat\/actu-acteurs-locaux\/"},{"@type":"ListItem","position":3,"name":"Les dons aux associations ont augment\u00e9 en 2020"}]},{"@type":"WebSite","@id":"https:\/\/www.infolocale.fr\/blog\/#website","url":"https:\/\/www.infolocale.fr\/blog\/","name":"","description":"","publisher":{"@id":"https:\/\/www.infolocale.fr\/blog\/#organization"},"potentialAction":[{"@type":"SearchAction","target":{"@type":"EntryPoint","urlTemplate":"https:\/\/www.infolocale.fr\/blog\/?s={search_term_string}"},"query-input":"required name=search_term_string"}],"inLanguage":"fr-FR"},{"@type":"Organization","@id":"https:\/\/www.infolocale.fr\/blog\/#organization","name":"Infolocale","url":"https:\/\/www.infolocale.fr\/blog\/","logo":{"@type":"ImageObject","inLanguage":"fr-FR","@id":"https:\/\/www.infolocale.fr\/blog\/#\/schema\/logo\/image\/","url":"https:\/\/www.infolocale.fr\/blog\/wp-content\/uploads\/2020\/11\/logol.jpg","contentUrl":"https:\/\/www.infolocale.fr\/blog\/wp-content\/uploads\/2020\/11\/logol.jpg","width":1031,"height":398,"caption":"Infolocale"},"image":{"@id":"https:\/\/www.infolocale.fr\/blog\/#\/schema\/logo\/image\/"},"sameAs":["https:\/\/www.facebook.com\/infolocaleFR\/","https:\/\/x.com\/infolocale","https:\/\/www.instagram.com\/infolocale\/","https:\/\/fr.linkedin.com\/company\/infolocale","https:\/\/www.youtube.com\/channel\/UCnv4FA8EYEuu_si3TGr7xeA"]},{"@type":"Person","@id":"https:\/\/www.infolocale.fr\/blog\/#\/schema\/person\/bf2dc50c6636ffa2ce3e44ef1f9eb97f","name":"Myl\u00e8ne","image":{"@type":"ImageObject","inLanguage":"fr-FR","@id":"https:\/\/www.infolocale.fr\/blog\/#\/schema\/person\/image\/","url":"https:\/\/secure.gravatar.com\/avatar\/49511f0ea4b41ed3062b218e30f07042?s=96&d=mm&r=g","contentUrl":"https:\/\/secure.gravatar.com\/avatar\/49511f0ea4b41ed3062b218e30f07042?s=96&d=mm&r=g","caption":"Myl\u00e8ne"},"url":"https:\/\/www.infolocale.fr\/blog\/author\/mylene-michel\/"}]}},"_links":{"self":[{"href":"https:\/\/www.infolocale.fr\/blog\/wp-json\/wp\/v2\/posts\/13593"}],"collection":[{"href":"https:\/\/www.infolocale.fr\/blog\/wp-json\/wp\/v2\/posts"}],"about":[{"href":"https:\/\/www.infolocale.fr\/blog\/wp-json\/wp\/v2\/types\/post"}],"author":[{"embeddable":true,"href":"https:\/\/www.infolocale.fr\/blog\/wp-json\/wp\/v2\/users\/8"}],"replies":[{"embeddable":true,"href":"https:\/\/www.infolocale.fr\/blog\/wp-json\/wp\/v2\/comments?post=13593"}],"version-history":[{"count":0,"href":"https:\/\/www.infolocale.fr\/blog\/wp-json\/wp\/v2\/posts\/13593\/revisions"}],"wp:featuredmedia":[{"embeddable":true,"href":"https:\/\/www.infolocale.fr\/blog\/wp-json\/wp\/v2\/media\/13538"}],"wp:attachment":[{"href":"https:\/\/www.infolocale.fr\/blog\/wp-json\/wp\/v2\/media?parent=13593"}],"wp:term":[{"taxonomy":"category","embeddable":true,"href":"https:\/\/www.infolocale.fr\/blog\/wp-json\/wp\/v2\/categories?post=13593"},{"taxonomy":"post_tag","embeddable":true,"href":"https:\/\/www.infolocale.fr\/blog\/wp-json\/wp\/v2\/tags?post=13593"}],"curies":[{"name":"wp","href":"https:\/\/api.w.org\/{rel}","templated":true}]}}