{"id":13315,"date":"2021-09-13T19:18:31","date_gmt":"2021-09-13T17:18:31","guid":{"rendered":"https:\/\/www.infolocale.fr\/blog\/?p=13315"},"modified":"2021-09-16T15:41:15","modified_gmt":"2021-09-16T13:41:15","slug":"mon-association-je-ladore-jy-adhere","status":"publish","type":"post","link":"https:\/\/www.infolocale.fr\/blog\/mon-association-je-ladore-jy-adhere\/","title":{"rendered":"\u00ab\u00a0Mon association, je l&rsquo;adore, j&rsquo;y adh\u00e8re !\u00a0\u00bb"},"content":{"rendered":"\n<p>C&rsquo;est la rentr\u00e9e, en parall\u00e8le des Forums des associations, le monde associatif se mobilise et lance une campagne de promotion \u00ab\u00a0<em>Mon association, je l&rsquo;adore, j&rsquo;y adh\u00e8re<\/em>\u00ab\u00a0. Une action n\u00e9cessaire. Au sortir de la crise sanitaire, les associations expriment leur inqui\u00e9tude en constatant une baisse de leurs adh\u00e9sions -55 % d&rsquo;entres elles n&rsquo;ont pas retrouv\u00e9es leurs adh\u00e9rents-.<\/p>\n\n\n\n<h2 class=\"wp-block-heading\">J&rsquo;adh\u00e8re \u00e0 mon association, les cotisations sont des ressources essentielles<\/h2>\n\n\n\n<p>Les associations s&rsquo;inqui\u00e8tent pour leur financement. Les cotisations des adh\u00e9rents sont leurs principales ressources. Les aides de l&rsquo;Etat existent mais ne suffisent pas.<\/p>\n\n\n\n<h2 class=\"wp-block-heading\">J&rsquo;adore mon association, je m&rsquo;engage en tant que b\u00e9n\u00e9vole <\/h2>\n\n\n\n<p>Toutes les associations sportives, culturelles ou dans l&rsquo;\u00e9ducation populaire regrettent le manque de mobilisation des b\u00e9n\u00e9voles. Ils se rar\u00e9fient. Pourtant leurs investissements permettent l&rsquo;accueil dans les cr\u00e8ches (50 %), l&rsquo;organisation de plus de 2 000 festivals, 80 % du fonctionnement des \u00e9tablissements culturels.<\/p>\n\n\n\n<h2 class=\"wp-block-heading\">Mobilisons-nous pour retrouver le chemin associatif<\/h2>\n\n\n\n<p><a href=\"https:\/\/lemouvementassociatif.org\/\" target=\"_blank\" rel=\"noreferrer noopener\">Le Mouvement associatif<em> <\/em><\/a>et <a href=\"https:\/\/www.hexopee.org\/\" target=\"_blank\" rel=\"noreferrer noopener\">Hexop\u00e9e<\/a> -organisation repr\u00e9sentative des professionnels de l&rsquo;animation, sport, tourisme social et familial, habitat et logement- , avec le soutien du <a href=\"https:\/\/www.education.gouv.fr\/lancement-de-la-campagne-de-communication-mon-asso-je-l-adore-j-y-adhere-325130\" target=\"_blank\" rel=\"noreferrer noopener\">Secr\u00e9tariat d\u2019\u00c9tat charg\u00e9 de la Jeunesse et de l\u2019Engagement<\/a>, se mobilisent afin de soutenir l\u2019action associative.<\/p>\n\n\n\n<p>La campagne \u00ab\u00a0<em><a href=\"https:\/\/www.assojadorejadhere.fr\/la-campagne\/\">Mon asso, je l&rsquo;adore, j&rsquo;y adh\u00e8re<\/a><\/em>\u00ab\u00a0, lanc\u00e9e le 13 septembre par  Sarah El Ha\u00efry, secr\u00e9taire d\u2019\u00e9tat \u00e0 la Jeunesse et l\u2019Engagement, veut mobiliser les Fran\u00e7ais, en leur rappelant l\u2019urgence de se r\u00e9inscrire dans les associations. <\/p>\n\n\n\n<h2 class=\"wp-block-heading\">Mon asso je l&rsquo;adore j&rsquo;y adh\u00e8re<\/h2>\n\n\n\n<p>La liste des associations de proximit\u00e9 est accessible sur <a href=\"https:\/\/www.assojadorejadhere.fr\/\" target=\"_blank\" rel=\"noreferrer noopener\">ce lien<\/a>  Comme sur <a href=\"https:\/\/www.infolocale.fr\/\">Infolocale.fr<\/a>  qui r\u00e9pertorie les activit\u00e9s de loisir et sportives. <\/p>\n\n\n\n<h2 class=\"wp-block-heading\">Une invitation \u00e0 s&rsquo;engager en tant que b\u00e9n\u00e9vole dans les associations<\/h2>\n\n\n\n<p>Les internautes sensibilis\u00e9s par cette campagne, ceux qui souhaitent se rendre utiles, retrouver du lien social, des opportunit\u00e9s leur sont pr\u00e9sent\u00e9es, d\u00e9marche \u00e9galement propos\u00e9e par notre partenaire <a href=\"https:\/\/www.infolocale.fr\/blog\/benevolt-favorise-la-rencontre-entre-associations-et-benevoles\/\">Benevolt<\/a>. <\/p>\n","protected":false},"excerpt":{"rendered":"<p>C&rsquo;est la rentr\u00e9e, en parall\u00e8le des Forums des associations, le monde associatif se mobilise et lance une campagne de promotion \u00ab\u00a0Mon association, je l&rsquo;adore, j&rsquo;y [&hellip;]<\/p>\n","protected":false},"author":8,"featured_media":13351,"comment_status":"open","ping_status":"open","sticky":false,"template":"","format":"standard","meta":{"_coblocks_attr":"","_coblocks_dimensions":"","_coblocks_responsive_height":"","_coblocks_accordion_ie_support":"","_mo_disable_npp":"","footnotes":""},"categories":[6],"tags":[],"class_list":["post-13315","post","type-post","status-publish","format-standard","has-post-thumbnail","hentry","category-actu-acteurs-locaux"],"yoast_head":"<!-- This site is optimized with the Yoast SEO plugin v23.2 - https:\/\/yoast.com\/wordpress\/plugins\/seo\/ -->\n<title>&quot;Mon association, je l&#039;adore, j&#039;y adh\u00e8re !&quot; |<\/title>\n<meta name=\"description\" content=\"Mon association, je l&#039;adore, j&#039;y adh\u00e8re : une campagne de promotion pour que les associations retrouvent leurs adh\u00e9rents et leurs b\u00e9n\u00e9voles.\" \/>\n<meta name=\"robots\" content=\"index, follow, max-snippet:-1, max-image-preview:large, max-video-preview:-1\" \/>\n<link rel=\"canonical\" href=\"https:\/\/infolocale.ouest-france.fr\/blog\/mon-association-je-ladore-jy-adhere\/\" \/>\n<meta property=\"og:locale\" content=\"fr_FR\" \/>\n<meta property=\"og:type\" content=\"article\" \/>\n<meta property=\"og:title\" content=\"&quot;Mon association, je l&#039;adore, j&#039;y adh\u00e8re !&quot; |\" \/>\n<meta property=\"og:description\" content=\"Mon association, je l&#039;adore, j&#039;y adh\u00e8re : une campagne de promotion pour que les associations retrouvent leurs adh\u00e9rents et leurs b\u00e9n\u00e9voles.\" \/>\n<meta property=\"og:url\" content=\"https:\/\/infolocale.ouest-france.fr\/blog\/mon-association-je-ladore-jy-adhere\/\" \/>\n<meta property=\"article:publisher\" content=\"https:\/\/www.facebook.com\/infolocaleFR\/\" \/>\n<meta property=\"article:published_time\" content=\"2021-09-13T17:18:31+00:00\" \/>\n<meta property=\"article:modified_time\" content=\"2021-09-16T13:41:15+00:00\" \/>\n<meta property=\"og:image\" content=\"https:\/\/infolocale.ouest-france.fr\/blog\/wp-content\/uploads\/2021\/09\/association-jeladore-jyadhere.jpg\" \/>\n\t<meta property=\"og:image:width\" content=\"900\" \/>\n\t<meta property=\"og:image:height\" content=\"630\" \/>\n\t<meta property=\"og:image:type\" content=\"image\/jpeg\" \/>\n<meta name=\"author\" content=\"Myl\u00e8ne\" \/>\n<meta name=\"twitter:card\" content=\"summary_large_image\" \/>\n<meta name=\"twitter:creator\" content=\"@infolocale\" \/>\n<meta name=\"twitter:site\" content=\"@infolocale\" \/>\n<meta name=\"twitter:label1\" content=\"\u00c9crit par\" \/>\n\t<meta name=\"twitter:data1\" content=\"Myl\u00e8ne\" \/>\n\t<meta name=\"twitter:label2\" content=\"Dur\u00e9e de lecture estim\u00e9e\" \/>\n\t<meta name=\"twitter:data2\" content=\"2 minutes\" \/>\n<script type=\"application\/ld+json\" class=\"yoast-schema-graph\">{\"@context\":\"https:\/\/schema.org\",\"@graph\":[{\"@type\":\"Article\",\"@id\":\"https:\/\/infolocale.ouest-france.fr\/blog\/mon-association-je-ladore-jy-adhere\/#article\",\"isPartOf\":{\"@id\":\"https:\/\/infolocale.ouest-france.fr\/blog\/mon-association-je-ladore-jy-adhere\/\"},\"author\":{\"name\":\"Myl\u00e8ne\",\"@id\":\"https:\/\/www.infolocale.fr\/blog\/#\/schema\/person\/bf2dc50c6636ffa2ce3e44ef1f9eb97f\"},\"headline\":\"\u00ab\u00a0Mon association, je l&rsquo;adore, j&rsquo;y adh\u00e8re !\u00a0\u00bb\",\"datePublished\":\"2021-09-13T17:18:31+00:00\",\"dateModified\":\"2021-09-16T13:41:15+00:00\",\"mainEntityOfPage\":{\"@id\":\"https:\/\/infolocale.ouest-france.fr\/blog\/mon-association-je-ladore-jy-adhere\/\"},\"wordCount\":331,\"commentCount\":0,\"publisher\":{\"@id\":\"https:\/\/www.infolocale.fr\/blog\/#organization\"},\"image\":{\"@id\":\"https:\/\/infolocale.ouest-france.fr\/blog\/mon-association-je-ladore-jy-adhere\/#primaryimage\"},\"thumbnailUrl\":\"https:\/\/www.infolocale.fr\/blog\/wp-content\/uploads\/2021\/09\/association-jeladore-jyadhere.jpg\",\"articleSection\":[\"En ce moment\"],\"inLanguage\":\"fr-FR\",\"potentialAction\":[{\"@type\":\"CommentAction\",\"name\":\"Comment\",\"target\":[\"https:\/\/infolocale.ouest-france.fr\/blog\/mon-association-je-ladore-jy-adhere\/#respond\"]}]},{\"@type\":\"WebPage\",\"@id\":\"https:\/\/infolocale.ouest-france.fr\/blog\/mon-association-je-ladore-jy-adhere\/\",\"url\":\"https:\/\/infolocale.ouest-france.fr\/blog\/mon-association-je-ladore-jy-adhere\/\",\"name\":\"\\\"Mon association, je l'adore, j'y adh\u00e8re !\\\" |\",\"isPartOf\":{\"@id\":\"https:\/\/www.infolocale.fr\/blog\/#website\"},\"primaryImageOfPage\":{\"@id\":\"https:\/\/infolocale.ouest-france.fr\/blog\/mon-association-je-ladore-jy-adhere\/#primaryimage\"},\"image\":{\"@id\":\"https:\/\/infolocale.ouest-france.fr\/blog\/mon-association-je-ladore-jy-adhere\/#primaryimage\"},\"thumbnailUrl\":\"https:\/\/www.infolocale.fr\/blog\/wp-content\/uploads\/2021\/09\/association-jeladore-jyadhere.jpg\",\"datePublished\":\"2021-09-13T17:18:31+00:00\",\"dateModified\":\"2021-09-16T13:41:15+00:00\",\"description\":\"Mon association, je l'adore, j'y adh\u00e8re : une campagne de promotion pour que les associations retrouvent leurs adh\u00e9rents et leurs b\u00e9n\u00e9voles.\",\"breadcrumb\":{\"@id\":\"https:\/\/infolocale.ouest-france.fr\/blog\/mon-association-je-ladore-jy-adhere\/#breadcrumb\"},\"inLanguage\":\"fr-FR\",\"potentialAction\":[{\"@type\":\"ReadAction\",\"target\":[\"https:\/\/infolocale.ouest-france.fr\/blog\/mon-association-je-ladore-jy-adhere\/\"]}]},{\"@type\":\"ImageObject\",\"inLanguage\":\"fr-FR\",\"@id\":\"https:\/\/infolocale.ouest-france.fr\/blog\/mon-association-je-ladore-jy-adhere\/#primaryimage\",\"url\":\"https:\/\/www.infolocale.fr\/blog\/wp-content\/uploads\/2021\/09\/association-jeladore-jyadhere.jpg\",\"contentUrl\":\"https:\/\/www.infolocale.fr\/blog\/wp-content\/uploads\/2021\/09\/association-jeladore-jyadhere.jpg\",\"width\":900,\"height\":630,\"caption\":\"Une des illustrations de la campagne de mobilisation au profit des associations\"},{\"@type\":\"BreadcrumbList\",\"@id\":\"https:\/\/infolocale.ouest-france.fr\/blog\/mon-association-je-ladore-jy-adhere\/#breadcrumb\",\"itemListElement\":[{\"@type\":\"ListItem\",\"position\":1,\"name\":\"Blog\",\"item\":\"https:\/\/infolocale.ouest-france.fr\/blog\/\"},{\"@type\":\"ListItem\",\"position\":2,\"name\":\"En ce moment\",\"item\":\"https:\/\/infolocale.20minutes.fr\/blog\/cat\/actu-acteurs-locaux\/\"},{\"@type\":\"ListItem\",\"position\":3,\"name\":\"\u00ab\u00a0Mon association, je l&rsquo;adore, j&rsquo;y adh\u00e8re !\u00a0\u00bb\"}]},{\"@type\":\"WebSite\",\"@id\":\"https:\/\/www.infolocale.fr\/blog\/#website\",\"url\":\"https:\/\/www.infolocale.fr\/blog\/\",\"name\":\"\",\"description\":\"\",\"publisher\":{\"@id\":\"https:\/\/www.infolocale.fr\/blog\/#organization\"},\"potentialAction\":[{\"@type\":\"SearchAction\",\"target\":{\"@type\":\"EntryPoint\",\"urlTemplate\":\"https:\/\/www.infolocale.fr\/blog\/?s={search_term_string}\"},\"query-input\":\"required name=search_term_string\"}],\"inLanguage\":\"fr-FR\"},{\"@type\":\"Organization\",\"@id\":\"https:\/\/www.infolocale.fr\/blog\/#organization\",\"name\":\"Infolocale\",\"url\":\"https:\/\/www.infolocale.fr\/blog\/\",\"logo\":{\"@type\":\"ImageObject\",\"inLanguage\":\"fr-FR\",\"@id\":\"https:\/\/www.infolocale.fr\/blog\/#\/schema\/logo\/image\/\",\"url\":\"https:\/\/www.infolocale.fr\/blog\/wp-content\/uploads\/2020\/11\/logol.jpg\",\"contentUrl\":\"https:\/\/www.infolocale.fr\/blog\/wp-content\/uploads\/2020\/11\/logol.jpg\",\"width\":1031,\"height\":398,\"caption\":\"Infolocale\"},\"image\":{\"@id\":\"https:\/\/www.infolocale.fr\/blog\/#\/schema\/logo\/image\/\"},\"sameAs\":[\"https:\/\/www.facebook.com\/infolocaleFR\/\",\"https:\/\/x.com\/infolocale\",\"https:\/\/www.instagram.com\/infolocale\/\",\"https:\/\/fr.linkedin.com\/company\/infolocale\",\"https:\/\/www.youtube.com\/channel\/UCnv4FA8EYEuu_si3TGr7xeA\"]},{\"@type\":\"Person\",\"@id\":\"https:\/\/www.infolocale.fr\/blog\/#\/schema\/person\/bf2dc50c6636ffa2ce3e44ef1f9eb97f\",\"name\":\"Myl\u00e8ne\",\"image\":{\"@type\":\"ImageObject\",\"inLanguage\":\"fr-FR\",\"@id\":\"https:\/\/www.infolocale.fr\/blog\/#\/schema\/person\/image\/\",\"url\":\"https:\/\/secure.gravatar.com\/avatar\/49511f0ea4b41ed3062b218e30f07042?s=96&d=mm&r=g\",\"contentUrl\":\"https:\/\/secure.gravatar.com\/avatar\/49511f0ea4b41ed3062b218e30f07042?s=96&d=mm&r=g\",\"caption\":\"Myl\u00e8ne\"},\"url\":\"https:\/\/www.infolocale.fr\/blog\/author\/mylene-michel\/\"}]}<\/script>\n<!-- \/ Yoast SEO plugin. -->","yoast_head_json":{"title":"\"Mon association, je l'adore, j'y adh\u00e8re !\" |","description":"Mon association, je l'adore, j'y adh\u00e8re : une campagne de promotion pour que les associations retrouvent leurs adh\u00e9rents et leurs b\u00e9n\u00e9voles.","robots":{"index":"index","follow":"follow","max-snippet":"max-snippet:-1","max-image-preview":"max-image-preview:large","max-video-preview":"max-video-preview:-1"},"canonical":"https:\/\/infolocale.ouest-france.fr\/blog\/mon-association-je-ladore-jy-adhere\/","og_locale":"fr_FR","og_type":"article","og_title":"\"Mon association, je l'adore, j'y adh\u00e8re !\" |","og_description":"Mon association, je l'adore, j'y adh\u00e8re : une campagne de promotion pour que les associations retrouvent leurs adh\u00e9rents et leurs b\u00e9n\u00e9voles.","og_url":"https:\/\/infolocale.ouest-france.fr\/blog\/mon-association-je-ladore-jy-adhere\/","article_publisher":"https:\/\/www.facebook.com\/infolocaleFR\/","article_published_time":"2021-09-13T17:18:31+00:00","article_modified_time":"2021-09-16T13:41:15+00:00","og_image":[{"width":900,"height":630,"url":"https:\/\/infolocale.ouest-france.fr\/blog\/wp-content\/uploads\/2021\/09\/association-jeladore-jyadhere.jpg","type":"image\/jpeg"}],"author":"Myl\u00e8ne","twitter_card":"summary_large_image","twitter_creator":"@infolocale","twitter_site":"@infolocale","twitter_misc":{"\u00c9crit par":"Myl\u00e8ne","Dur\u00e9e de lecture estim\u00e9e":"2 minutes"},"schema":{"@context":"https:\/\/schema.org","@graph":[{"@type":"Article","@id":"https:\/\/infolocale.ouest-france.fr\/blog\/mon-association-je-ladore-jy-adhere\/#article","isPartOf":{"@id":"https:\/\/infolocale.ouest-france.fr\/blog\/mon-association-je-ladore-jy-adhere\/"},"author":{"name":"Myl\u00e8ne","@id":"https:\/\/www.infolocale.fr\/blog\/#\/schema\/person\/bf2dc50c6636ffa2ce3e44ef1f9eb97f"},"headline":"\u00ab\u00a0Mon association, je l&rsquo;adore, j&rsquo;y adh\u00e8re !\u00a0\u00bb","datePublished":"2021-09-13T17:18:31+00:00","dateModified":"2021-09-16T13:41:15+00:00","mainEntityOfPage":{"@id":"https:\/\/infolocale.ouest-france.fr\/blog\/mon-association-je-ladore-jy-adhere\/"},"wordCount":331,"commentCount":0,"publisher":{"@id":"https:\/\/www.infolocale.fr\/blog\/#organization"},"image":{"@id":"https:\/\/infolocale.ouest-france.fr\/blog\/mon-association-je-ladore-jy-adhere\/#primaryimage"},"thumbnailUrl":"https:\/\/www.infolocale.fr\/blog\/wp-content\/uploads\/2021\/09\/association-jeladore-jyadhere.jpg","articleSection":["En ce moment"],"inLanguage":"fr-FR","potentialAction":[{"@type":"CommentAction","name":"Comment","target":["https:\/\/infolocale.ouest-france.fr\/blog\/mon-association-je-ladore-jy-adhere\/#respond"]}]},{"@type":"WebPage","@id":"https:\/\/infolocale.ouest-france.fr\/blog\/mon-association-je-ladore-jy-adhere\/","url":"https:\/\/infolocale.ouest-france.fr\/blog\/mon-association-je-ladore-jy-adhere\/","name":"\"Mon association, je l'adore, j'y adh\u00e8re !\" |","isPartOf":{"@id":"https:\/\/www.infolocale.fr\/blog\/#website"},"primaryImageOfPage":{"@id":"https:\/\/infolocale.ouest-france.fr\/blog\/mon-association-je-ladore-jy-adhere\/#primaryimage"},"image":{"@id":"https:\/\/infolocale.ouest-france.fr\/blog\/mon-association-je-ladore-jy-adhere\/#primaryimage"},"thumbnailUrl":"https:\/\/www.infolocale.fr\/blog\/wp-content\/uploads\/2021\/09\/association-jeladore-jyadhere.jpg","datePublished":"2021-09-13T17:18:31+00:00","dateModified":"2021-09-16T13:41:15+00:00","description":"Mon association, je l'adore, j'y adh\u00e8re : une campagne de promotion pour que les associations retrouvent leurs adh\u00e9rents et leurs b\u00e9n\u00e9voles.","breadcrumb":{"@id":"https:\/\/infolocale.ouest-france.fr\/blog\/mon-association-je-ladore-jy-adhere\/#breadcrumb"},"inLanguage":"fr-FR","potentialAction":[{"@type":"ReadAction","target":["https:\/\/infolocale.ouest-france.fr\/blog\/mon-association-je-ladore-jy-adhere\/"]}]},{"@type":"ImageObject","inLanguage":"fr-FR","@id":"https:\/\/infolocale.ouest-france.fr\/blog\/mon-association-je-ladore-jy-adhere\/#primaryimage","url":"https:\/\/www.infolocale.fr\/blog\/wp-content\/uploads\/2021\/09\/association-jeladore-jyadhere.jpg","contentUrl":"https:\/\/www.infolocale.fr\/blog\/wp-content\/uploads\/2021\/09\/association-jeladore-jyadhere.jpg","width":900,"height":630,"caption":"Une des illustrations de la campagne de mobilisation au profit des associations"},{"@type":"BreadcrumbList","@id":"https:\/\/infolocale.ouest-france.fr\/blog\/mon-association-je-ladore-jy-adhere\/#breadcrumb","itemListElement":[{"@type":"ListItem","position":1,"name":"Blog","item":"https:\/\/infolocale.ouest-france.fr\/blog\/"},{"@type":"ListItem","position":2,"name":"En ce moment","item":"https:\/\/infolocale.20minutes.fr\/blog\/cat\/actu-acteurs-locaux\/"},{"@type":"ListItem","position":3,"name":"\u00ab\u00a0Mon association, je l&rsquo;adore, j&rsquo;y adh\u00e8re !\u00a0\u00bb"}]},{"@type":"WebSite","@id":"https:\/\/www.infolocale.fr\/blog\/#website","url":"https:\/\/www.infolocale.fr\/blog\/","name":"","description":"","publisher":{"@id":"https:\/\/www.infolocale.fr\/blog\/#organization"},"potentialAction":[{"@type":"SearchAction","target":{"@type":"EntryPoint","urlTemplate":"https:\/\/www.infolocale.fr\/blog\/?s={search_term_string}"},"query-input":"required name=search_term_string"}],"inLanguage":"fr-FR"},{"@type":"Organization","@id":"https:\/\/www.infolocale.fr\/blog\/#organization","name":"Infolocale","url":"https:\/\/www.infolocale.fr\/blog\/","logo":{"@type":"ImageObject","inLanguage":"fr-FR","@id":"https:\/\/www.infolocale.fr\/blog\/#\/schema\/logo\/image\/","url":"https:\/\/www.infolocale.fr\/blog\/wp-content\/uploads\/2020\/11\/logol.jpg","contentUrl":"https:\/\/www.infolocale.fr\/blog\/wp-content\/uploads\/2020\/11\/logol.jpg","width":1031,"height":398,"caption":"Infolocale"},"image":{"@id":"https:\/\/www.infolocale.fr\/blog\/#\/schema\/logo\/image\/"},"sameAs":["https:\/\/www.facebook.com\/infolocaleFR\/","https:\/\/x.com\/infolocale","https:\/\/www.instagram.com\/infolocale\/","https:\/\/fr.linkedin.com\/company\/infolocale","https:\/\/www.youtube.com\/channel\/UCnv4FA8EYEuu_si3TGr7xeA"]},{"@type":"Person","@id":"https:\/\/www.infolocale.fr\/blog\/#\/schema\/person\/bf2dc50c6636ffa2ce3e44ef1f9eb97f","name":"Myl\u00e8ne","image":{"@type":"ImageObject","inLanguage":"fr-FR","@id":"https:\/\/www.infolocale.fr\/blog\/#\/schema\/person\/image\/","url":"https:\/\/secure.gravatar.com\/avatar\/49511f0ea4b41ed3062b218e30f07042?s=96&d=mm&r=g","contentUrl":"https:\/\/secure.gravatar.com\/avatar\/49511f0ea4b41ed3062b218e30f07042?s=96&d=mm&r=g","caption":"Myl\u00e8ne"},"url":"https:\/\/www.infolocale.fr\/blog\/author\/mylene-michel\/"}]}},"_links":{"self":[{"href":"https:\/\/www.infolocale.fr\/blog\/wp-json\/wp\/v2\/posts\/13315"}],"collection":[{"href":"https:\/\/www.infolocale.fr\/blog\/wp-json\/wp\/v2\/posts"}],"about":[{"href":"https:\/\/www.infolocale.fr\/blog\/wp-json\/wp\/v2\/types\/post"}],"author":[{"embeddable":true,"href":"https:\/\/www.infolocale.fr\/blog\/wp-json\/wp\/v2\/users\/8"}],"replies":[{"embeddable":true,"href":"https:\/\/www.infolocale.fr\/blog\/wp-json\/wp\/v2\/comments?post=13315"}],"version-history":[{"count":0,"href":"https:\/\/www.infolocale.fr\/blog\/wp-json\/wp\/v2\/posts\/13315\/revisions"}],"wp:featuredmedia":[{"embeddable":true,"href":"https:\/\/www.infolocale.fr\/blog\/wp-json\/wp\/v2\/media\/13351"}],"wp:attachment":[{"href":"https:\/\/www.infolocale.fr\/blog\/wp-json\/wp\/v2\/media?parent=13315"}],"wp:term":[{"taxonomy":"category","embeddable":true,"href":"https:\/\/www.infolocale.fr\/blog\/wp-json\/wp\/v2\/categories?post=13315"},{"taxonomy":"post_tag","embeddable":true,"href":"https:\/\/www.infolocale.fr\/blog\/wp-json\/wp\/v2\/tags?post=13315"}],"curies":[{"name":"wp","href":"https:\/\/api.w.org\/{rel}","templated":true}]}}