{"id":1318,"date":"2020-04-10T17:53:00","date_gmt":"2020-04-10T15:53:00","guid":{"rendered":"http:\/\/infolocale.data.blog\/?p=1318"},"modified":"2021-10-27T17:41:25","modified_gmt":"2021-10-27T15:41:25","slug":"ar-vuhez-de-rennes","status":"publish","type":"post","link":"https:\/\/www.infolocale.fr\/blog\/ar-vuhez-de-rennes\/","title":{"rendered":"Les AMAP \u00e9tudiantes de l\u2019Association Ar Vuhez de Rennes"},"content":{"rendered":"\n<div class=\"wp-block-columns alignfull is-layout-flex wp-container-core-columns-is-layout-1 wp-block-columns-is-layout-flex\">\n<div class=\"wp-block-column is-vertically-aligned-center is-layout-flow wp-block-column-is-layout-flow\" style=\"flex-basis:100%\">\n<div style=\"height:25px\" aria-hidden=\"true\" class=\"wp-block-spacer\"><\/div>\n\n\n\n<h4 class=\"has-text-align-center wp-block-heading\">Consommer sain dans le respect de la Nature<\/h4>\n\n\n\n<p class=\"has-text-align-justify has-background has-normal-font-size\" style=\"background-color:#ffffff;line-height:2\">L\u2019AMAP -l\u2019Association pour le Maintien de l\u2019Agriculture Paysanne- a pour objectif de promouvoir&nbsp; la production locale de l\u00e9gumes et de fruits. &nbsp;En plus de vertus environnementales (moins de pollution, moins d\u2019emballage), \u00e9conomiques&nbsp; (plus d\u2019emplois locaux), elle personnalise &nbsp;la consommation en cr\u00e9ant des liens avec des producteurs de proximit\u00e9, &nbsp;incite au consommer vrai et sain&nbsp;! Tout cela en respectant les enjeux du d\u00e9veloppement durable&nbsp;: production dans le respect de l\u2019Homme, de la biodiversit\u00e9 et du rythme de la nature.<\/p>\n\n\n\n<p class=\"has-text-align-justify has-background has-normal-font-size\" style=\"background-color:#ffffff;line-height:2\">Les consommateurs en AMAP accordent moins d&rsquo;importance \u00e0 la standardisation des aliments ; tout ce qui est produit est consomm\u00e9. Ce principe est valorisant pour le producteur, et permet de diminuer les prix en reportant les co\u00fbts sur la totalit\u00e9 de la production, contrairement aux g\u00e9ants de la distribution &nbsp;qui appliquent des surmarges. &nbsp;\u00ab <em>Elles sont en moyenne 75 % sup\u00e9rieures \u00e0 celles des m\u00eames produits conventionnels<\/em> \u00bb, s\u2019\u00e9trangle <em>l\u2019UFC Que Choisir<\/em>, qui vient de passer \u00e0 la loupe un panier de 24 fruits et l\u00e9gumes (f\u00e9vrier 2020).<\/p>\n\n\n\n<figure class=\"wp-block-image size-large\"><a href=\"https:\/\/s.infolocale.fr\/?utm_source=blog&amp;utm_medium=banner&amp;utm_campaign=blog-contents\"><img fetchpriority=\"high\" decoding=\"async\" width=\"908\" height=\"196\" src=\"https:\/\/www.infolocale.fr\/blog\/wp-content\/uploads\/2021\/02\/Banniere_evenement.png\" alt=\"\" class=\"wp-image-5949\" srcset=\"https:\/\/www.infolocale.fr\/blog\/wp-content\/uploads\/2021\/02\/Banniere_evenement.png 908w, https:\/\/www.infolocale.fr\/blog\/wp-content\/uploads\/2021\/02\/Banniere_evenement-300x65.png 300w, https:\/\/www.infolocale.fr\/blog\/wp-content\/uploads\/2021\/02\/Banniere_evenement-768x166.png 768w, https:\/\/www.infolocale.fr\/blog\/wp-content\/uploads\/2021\/02\/Banniere_evenement-278x60.png 278w\" sizes=\"(max-width: 908px) 100vw, 908px\" \/><\/a><\/figure>\n\n\n\n<h4 class=\"has-text-align-center wp-block-heading\">Les AMAP \u00e9tudiantes&nbsp; de Rennes<\/h4>\n\n\n\n<p class=\"has-text-align-justify has-background has-normal-font-size\" style=\"background-color:#ffffff;line-height:2\">Il existe 4 AMAP \u00e9tudiantes sur Rennes : une \u00e0 Beaulieu, une \u00e0 l\u2019Agrocampus,&nbsp; deux \u00e0 Villejean. Elles appartiennent au r\u00e9seau d\u2019Amap de l\u2019Association Ar-Vuhez (<em>la vie<\/em> en breton). &nbsp;Ce nom breton colore fortement l\u2019implantation r\u00e9gionale d\u2019Ar Vuhez.<\/p>\n\n\n\n<blockquote class=\"wp-block-quote is-layout-flow wp-block-quote-is-layout-flow\"><p>Retrouvez-les <a href=\"https:\/\/arvuhez.org\/\">ici<\/a><\/p><\/blockquote>\n\n\n\n<div style=\"height:20px\" aria-hidden=\"true\" class=\"wp-block-spacer\"><\/div>\n\n\n\n<h4 class=\"has-text-align-center wp-block-heading\">Sensibiliser aux probl\u00e8mes environnementaux<\/h4>\n\n\n\n<p class=\"has-text-align-justify has-background has-normal-font-size\" style=\"background-color:#ffffff;line-height:2\">L\u2019association Ar Vuhez&nbsp; forme, sur les campus de Beaulieu et Villejean, \u00ab&nbsp;<em>un espace de partage et de participation pour que des d\u00e9bats de fonds accompagnent l\u2019action concr\u00e8te de sensibilisation \u00e0 l\u2019environnement<\/em>&nbsp;\u00bb. Elle s&rsquo;inscrit au sein de r\u00e9seaux \u00e0 \u00e9chelle nationale comme le <a rel=\"noreferrer noopener\" href=\"https:\/\/www.reseaugrappe.org\/qui-sommes-nous\/\" target=\"_blank\">R\u00e9seau GRAPPE<\/a> (GRoupement d&rsquo;Associations Porteuses de Projets en Environnement). Instigatrice de la Semaine de l&rsquo;Environnement&nbsp;, elle contribue \u00e0 son organisation et m\u00e8ne aussi&nbsp; des \u00e9v\u00e9nements &nbsp;ponctuels. &nbsp;en partenariat avec &nbsp;la Maison de la consommation et de l&rsquo;environnement et la Ville de Rennes.<\/p>\n\n\n\n<p><\/p>\n\n\n\n<figure class=\"wp-block-pullquote\"><blockquote><p>\u00ab\u00a0<strong>L\u2019environnement, c\u2019est la nature, mais pas seulement ! C\u2019est aussi toutes les choses et les personnes qui nous entourent et le rapport que nous entretenons avec elles<\/strong>&nbsp;\u00bb.<\/p><\/blockquote><\/figure>\n\n\n\n<div style=\"height:25px\" aria-hidden=\"true\" class=\"wp-block-spacer\"><\/div>\n\n\n\n<p><\/p>\n\n\n\n<p class=\"has-text-align-justify has-background has-normal-font-size\" style=\"background-color:#ffffff;line-height:2\">Ar Vuhez invite le monde universitaire \u2013 \u00e9tudiants et salari\u00e9s- \u00e0 s\u2019investir dans des potagers partag\u00e9s \u00ab&nbsp;<strong>Venez mettre la main \u00e0 la terre<\/strong>&nbsp;! \u00bb.&nbsp;Son leitmotiv&nbsp;: \u00ab D<strong>es &nbsp;l\u00e9gumes pour tous, toute l\u2019ann\u00e9e<\/strong>&nbsp;\u00bb. Elle pr\u00f4ne le covoiturage et invite aussi \u00e0 utiliser le v\u00e9lo \u00ab&nbsp;<em>Pour vous d\u00e9placer comme vous le voulez dans Rennes, passez \u00e0 l\u2019atelier v\u00e9lo de Villejean ou bien \u00e0 la Rustine de Beaulieu sur le campus du m\u00eame nom pour apprendre \u00e0 r\u00e9parer votre v\u00e9lo.&nbsp;\u00bb<\/em>.<\/p>\n\n\n\n<div style=\"height:20px\" aria-hidden=\"true\" class=\"wp-block-spacer\"><\/div>\n\n\n\n<p><\/p>\n\n\n\n<figure class=\"wp-block-pullquote\"><blockquote><p>\u00ab&nbsp;<strong>Venez participer \u00e0 la Semaine De l\u2019Environnement &nbsp;(fin mars) ou aux V\u00e9lorutions* ou pourquoi pas les co-organiser&nbsp;!\u00bb<\/strong> &nbsp;*<strong><em>Les v\u00e9los reprennent la rue&nbsp;: rassemblement festif itin\u00e9rant&nbsp;!<\/em><\/strong><\/p><\/blockquote><\/figure>\n\n\n\n<div style=\"height:20px\" aria-hidden=\"true\" class=\"wp-block-spacer\"><\/div>\n\n\n\n<p><\/p>\n\n\n\n<blockquote class=\"wp-block-quote is-layout-flow wp-block-quote-is-layout-flow\"><p><\/p><cite>\u27a1\ufe0f   <a href=\"http:\/\/velorution.org\/rennes\/\">http:\/\/velorution.org\/rennes\/<\/a><br>\u27a1\ufe0f   <a href=\"http:\/\/semainedelenvironnement.fr\/\">http:\/\/semainedelenvironnement.fr\/<\/a><\/cite><\/blockquote>\n\n\n\n<div style=\"height:25px\" aria-hidden=\"true\" class=\"wp-block-spacer\"><\/div>\n\n\n\n<h4 class=\"has-text-align-center wp-block-heading\">S\u2019engager dans l\u2019AMAP de Beaulieu (Campus universitaire Rennes 1)<\/h4>\n\n\n\n<div style=\"height:20px\" aria-hidden=\"true\" class=\"wp-block-spacer\"><\/div>\n\n\n\n<p class=\"has-text-align-justify has-background has-normal-font-size\" style=\"background-color:#ffffff;line-height:2\">Les membres de l\u2019AMAP et les producteurs mettent en place un contrat d\u2019engagement, d\u00e9finissant les droits et devoirs de chacun. Le prix des paniers, les dates de distribution, les moyens de paiement&nbsp;&nbsp; y sont consign\u00e9s. Les consommateurs sont inform\u00e9s du contenu du panier, variable selon les&nbsp; r\u00e9coltes et autres productions. Les paniers sont command\u00e9s pour une p\u00e9riode : une p\u00e9riode de mise \u00e0 disposition des paniers s&rsquo;\u00e9tend entre chaque vacance universitaire. Il n&rsquo;y a donc pas de distribution pendant les vacances universitaires. Les paniers sont command\u00e9s pour l\u2019ann\u00e9e, avec paiements anticip\u00e9s et l\u2019inscription \u00e0 l\u2019AMAP est valid\u00e9e seulement apr\u00e8s r\u00e8glement. Cet engagement favorise la commande et la r\u00e9ception des paniers et, bien \u00e9videmment la relation aux producteurs. Les paniers se composent&nbsp;de&nbsp;: : fruits et l\u00e9gumes, auxquels il est possible d\u2019ajouter du pain, des \u0153ufs, galettes, jus de pommes, en compl\u00e9ment.<\/p>\n\n\n\n<p class=\"has-text-align-justify has-background has-normal-font-size\" style=\"background-color:#ffffff;line-height:2\"><strong>Actuellement, la permanence hebdomadaire est fix\u00e9e au mardi, de 17 h 15 \u00e0 18 h. La p\u00e9riode de confinement peut induire des changements, dus \u00e0 la disponibilit\u00e9 des producteurs de l\u2019AMAP. Les adh\u00e9rents, r\u00e9guliers ou non, sont r\u00e9guli\u00e8rement inform\u00e9s des horaires de permanence.<\/strong><\/p>\n\n\n\n<p class=\"has-text-align-center has-normal-font-size\">Tarifs &nbsp;7.50 \u20ac&nbsp;&nbsp;&nbsp;&nbsp;&nbsp;&nbsp; (solo)&nbsp;&nbsp;&nbsp;&nbsp;&nbsp;&nbsp;&nbsp;&nbsp;&nbsp;&nbsp;&nbsp;&nbsp;&nbsp;&nbsp;&nbsp;&nbsp;&nbsp;&nbsp;&nbsp;&nbsp;&nbsp;&nbsp;&nbsp;&nbsp;&nbsp;&nbsp;&nbsp;&nbsp;&nbsp;&nbsp;&nbsp;&nbsp;&nbsp;&nbsp;&nbsp;&nbsp;&nbsp;&nbsp;&nbsp;&nbsp;&nbsp;&nbsp;&nbsp;&nbsp;&nbsp;&nbsp;&nbsp;&nbsp;&nbsp;&nbsp;&nbsp;&nbsp;&nbsp;&nbsp;&nbsp;&nbsp;&nbsp;&nbsp;&nbsp;&nbsp;&nbsp;&nbsp;&nbsp;&nbsp;&nbsp;&nbsp; 10 \u20ac (duo)<\/p>\n\n\n\n<p><\/p>\n\n\n\n<div style=\"height:25px\" aria-hidden=\"true\" class=\"wp-block-spacer\"><\/div>\n\n\n\n<h4 class=\"has-text-align-center wp-block-heading\">Une relation de confiance avec les producteurs<\/h4>\n\n\n\n<div style=\"height:20px\" aria-hidden=\"true\" class=\"wp-block-spacer\"><\/div>\n\n\n\n<p class=\"has-text-align-justify has-background has-normal-font-size\" style=\"background-color:#ffffff;line-height:2\">Lors de la r\u00e9ception, les producteurs sont pr\u00e9sents. L\u2019\u00e9change est possible, des liens s\u2019\u00e9tablissent et peuvent &nbsp;m\u00eame aller jusqu\u2019\u00e0 l\u2019aide au ramassage des pommes, de la salade.<\/p>\n\n\n\n<p class=\"has-text-align-justify has-background has-normal-font-size\" style=\"background-color:#ffffff;line-height:2\">Fin mai 2018, l\u2019AMAP de Beaulieu conna\u00eet un ralentissement. Avec un ami, Pauline, \u00e9tudiante en Master en environnement, &nbsp;d\u00e9cide &nbsp;de la relancer.<\/p>\n\n\n\n<p class=\"has-text-align-justify has-background has-normal-font-size\" style=\"background-color:#ffffff;line-height:2\">Pour cette ann\u00e9e universitaire 2019\/2020, ils sont 70 \u00ab&nbsp;AMAPIENS&nbsp;\u00bb dont sept membres actifs, qui composent le bureau. Comme l\u2019AMAP fonctionne bien, l\u2019offre s\u2019enrichit de miel, p\u00e2te \u00e0 tartiner, farine (\u00e9peautre, sarrasin).<\/p>\n\n\n\n<div style=\"height:25px\" aria-hidden=\"true\" class=\"wp-block-spacer\"><\/div>\n\n\n\n<h4 class=\"has-text-align-center wp-block-heading\">Une b\u00e9n\u00e9vole \u00e9panouie au sein du bureau de l\u2019AMAP de Beaulieu<\/h4>\n\n\n\n<div style=\"height:20px\" aria-hidden=\"true\" class=\"wp-block-spacer\"><\/div>\n\n\n\n<figure class=\"wp-block-image alignfull size-large\"><img decoding=\"async\" src=\"https:\/\/blog.infolocale.fr\/wp-content\/uploads\/2020\/04\/pauline_bouchereau.jpg?w=768\" alt=\"\" class=\"wp-image-1415\"\/><figcaption>Pauline, membre b\u00e9n\u00e9vole au sein du bureau de l&rsquo;Amap Beaulieu<\/figcaption><\/figure>\n\n\n\n<p><\/p>\n\n\n\n<div style=\"height:20px\" aria-hidden=\"true\" class=\"wp-block-spacer\"><\/div>\n\n\n\n<p class=\"has-text-align-justify has-background has-normal-font-size\" style=\"background-color:#ffffff;line-height:2\">Pauline, motiv\u00e9e par la notion d\u2019entraide, trouve dans son engagement l\u2019opportunit\u00e9 de mettre \u00e0 disposition ses comp\u00e9tences organisationnelles, ses aptitudes \u00e0 cr\u00e9er du lien social, sa capacit\u00e9 \u00e0 mener \u00e0 bien un projet, le p\u00e9renniser, le faire \u00e9voluer.&nbsp; Elle en parle avec enthousiasme, heureuse d\u2019y&nbsp; trouver une reconnaissance pour ce qu\u2019elle est, ce qu\u2019elle peut apporter pour sensibiliser les \u00e9tudiants \u00e0 l\u2019environnement, \u00ab&nbsp;sa&nbsp;\u00bb fili\u00e8re. Licenci\u00e9e en Science de la terre, parcours environnement, elle est contente de participer \u00e0 une cha\u00eene d\u2019\u00e9conomie de proximit\u00e9, de favoriser l\u2019alimentation saine.&nbsp; Au sein de l\u2019Amap, elle a pu faire de belles rencontres en tendant vers son id\u00e9al de ne pas \u00eatre englob\u00e9e dans le cercle industriel. Cette envie se concr\u00e9tise&nbsp; gr\u00e2ce \u00e0 l\u2019Amap et ses adh\u00e9rents. \u00ab&nbsp;<strong>J\u2019ai pu cr\u00e9er du lien, sensibiliser &nbsp;<em>au mieux manger<\/em>, proposer une solution accessible, faire quelque chose concr\u00e8tement pour et avec &nbsp;les autres, sans \u00eatre expert<\/strong>.&nbsp;\u00bb Cette exp\u00e9rience la comble.<\/p>\n\n\n\n<p class=\"has-text-align-justify has-background has-normal-font-size\" style=\"background-color:#ffffff;line-height:2\">Avec ses comparses, ils vont plus loin dans la d\u00e9marche et proposent &nbsp;lors des permanences, des ateliers \u00ab&nbsp;Z\u00e9ro d\u00e9chet&nbsp;\u00bb&nbsp;: \u00ab&nbsp; <strong>comment fabriquer sa lessive, son savon, son \u00e9ponge Tawashi\u2026<\/strong>&nbsp;\u00bb<\/p>\n\n\n\n<p class=\"has-text-align-justify has-background has-normal-font-size\" style=\"background-color:#ffffff;line-height:2\">En septembre 2018, Pierre, \u00e9tudiant &nbsp;en Master d\u2019agronomie, adh\u00e8re \u00e0 l\u2019association en tant qu\u2019amapien. Il rejoint le bureau de l\u2019AMAP un an plus tard. Cette association revendique une organisation horizontale au lieu d\u2019une hi\u00e9rarchisation. Elle privil\u00e9gie des actions participatives pour induire la responsabilisation individuelle. Interpell\u00e9 \u00e9galement par les paniers de l\u2019AMAP de Beaulieu, il s\u2019investit dans l\u2019organisation de conf\u00e9rences sur des th\u00e8mes \u00e9cologiques : l\u2019une des derni\u00e8res invitait \u00e0 r\u00e9fl\u00e9chir sur <em>l\u2019\u00e9cologie politique dans la recherche universitaire <\/em>avec l\u2019intervenant M. Jean-Michel Hupp\u00e9, chercheur au CNRS, de l\u2019Atelier d\u2019Ecologie Politique de l\u2019Universit\u00e9 de Toulouse <a href=\"https:\/\/arvuhez.org\/pour-une-ecologie-politique\/\">https:\/\/arvuhez.org\/pour-une-ecologie-politique\/<\/a><\/p>\n\n\n\n<p class=\"has-text-align-justify has-background has-normal-font-size\" style=\"background-color:#ffffff;line-height:2\">Pierre est heureux de \u00ab&nbsp;<strong>pouvoir informer, communiquer sur toutes les donn\u00e9es environnementales&nbsp;; il aime vulgariser, populariser, toucher le plus grand nombre par la mise en pratique de l\u2019enseignement re\u00e7u \u00e0 l\u2019Universit\u00e9<\/strong>.&nbsp;\u00bb<\/p>\n\n\n\n<div style=\"height:25px\" aria-hidden=\"true\" class=\"wp-block-spacer\"><\/div>\n\n\n\n<h4 class=\"has-text-align-center wp-block-heading\">Une action concr\u00e8te et solidaire en ces temps de Coronavirus<\/h4>\n\n\n\n<div style=\"height:20px\" aria-hidden=\"true\" class=\"wp-block-spacer\"><\/div>\n\n\n\n<p class=\"has-background has-normal-font-size\" style=\"background-color:#ffffff;line-height:2\">Beaucoup d\u2019\u00e9tudiants adh\u00e9rents de l\u2019Amap ont quitt\u00e9 Rennes pour cause de confinement. Par fid\u00e9lit\u00e9 et entraide \u00e0 leurs producteurs, l\u2019Amap s&rsquo;est ouverte aux non-\u00e9tudiants.&nbsp; Claire, Isis et Pauline ont pris cette d\u00e9cision n\u00e9cessaire pour \u00e9couler les paniers command\u00e9s et redistribu\u00e9s aux adh\u00e9rents \u00ab&nbsp;intermittents&nbsp;\u00bb. Ceux-ci r\u00e9cup\u00e8rent les paniers en s\u2019acquittant du r\u00e8glement par virement \u00e0 l\u2019\u00e9tudiant non pr\u00e9sent. Une adh\u00e9sion pr\u00e9alable est obligatoire&nbsp;: <a href=\"mailto:amapcampusbeaulieu@gmail.com\">amapcampusbeaulieu@gmail.com<\/a><\/p>\n\n\n\n<p class=\"has-background has-normal-font-size\" style=\"background-color:#ffffff;line-height:2\">L\u2019Amap s\u2019adapte en remplissant toujours son r\u00f4le. Et s\u2019interroge sur un d\u00e9veloppement possible, \u00e0 long terme, aupr\u00e8s de ces nouveaux abonn\u00e9s&nbsp;?<\/p>\n\n\n\n<div style=\"height:40px\" aria-hidden=\"true\" class=\"wp-block-spacer\"><\/div>\n\n\n\n<figure class=\"wp-block-image size-large\"><img decoding=\"async\" width=\"686\" height=\"630\" src=\"https:\/\/www.infolocale.fr\/blog\/wp-content\/uploads\/2020\/12\/amap-rennes.jpg\" alt=\"\" class=\"wp-image-5064\" srcset=\"https:\/\/www.infolocale.fr\/blog\/wp-content\/uploads\/2020\/12\/amap-rennes.jpg 686w, https:\/\/www.infolocale.fr\/blog\/wp-content\/uploads\/2020\/12\/amap-rennes-300x276.jpg 300w, https:\/\/www.infolocale.fr\/blog\/wp-content\/uploads\/2020\/12\/amap-rennes-65x60.jpg 65w\" sizes=\"(max-width: 686px) 100vw, 686px\" \/><figcaption>Mises \u00e0 disposition des producteurs pour les \u00e9tudiants abonn\u00e9s \u00e0 l&rsquo;Amap<br> <\/figcaption><\/figure>\n<\/div>\n<\/div>\n","protected":false},"excerpt":{"rendered":"<p>Consommer sain dans le respect de la Nature L\u2019AMAP -l\u2019Association pour le Maintien de l\u2019Agriculture Paysanne- a pour objectif de promouvoir&nbsp; la production locale de [&hellip;]<\/p>\n","protected":false},"author":8,"featured_media":5068,"comment_status":"open","ping_status":"open","sticky":false,"template":"","format":"standard","meta":{"_coblocks_attr":"","_coblocks_dimensions":"","_coblocks_responsive_height":"","_coblocks_accordion_ie_support":"","_mo_disable_npp":"","footnotes":""},"categories":[6,8],"tags":[],"class_list":["post-1318","post","type-post","status-publish","format-standard","has-post-thumbnail","hentry","category-actu-acteurs-locaux","category-acteurs-locaux"],"yoast_head":"<!-- This site is optimized with the Yoast SEO plugin v23.2 - https:\/\/yoast.com\/wordpress\/plugins\/seo\/ -->\n<title>Les AMAP \u00e9tudiantes de l\u2019Association Ar Vuhez de Rennes |<\/title>\n<meta name=\"robots\" content=\"index, follow, max-snippet:-1, max-image-preview:large, max-video-preview:-1\" \/>\n<link rel=\"canonical\" href=\"https:\/\/infolocale.actu.fr\/blog\/ar-vuhez-de-rennes\/\" \/>\n<meta property=\"og:locale\" content=\"fr_FR\" \/>\n<meta property=\"og:type\" content=\"article\" \/>\n<meta property=\"og:title\" content=\"Les AMAP \u00e9tudiantes de l\u2019Association Ar Vuhez de Rennes |\" \/>\n<meta property=\"og:description\" content=\"Consommer sain dans le respect de la Nature L\u2019AMAP -l\u2019Association pour le Maintien de l\u2019Agriculture Paysanne- a pour objectif de promouvoir&nbsp; la production locale de [&hellip;]\" \/>\n<meta property=\"og:url\" content=\"https:\/\/infolocale.actu.fr\/blog\/ar-vuhez-de-rennes\/\" \/>\n<meta property=\"article:publisher\" content=\"https:\/\/www.facebook.com\/infolocaleFR\/\" \/>\n<meta property=\"article:published_time\" content=\"2020-04-10T15:53:00+00:00\" \/>\n<meta property=\"article:modified_time\" content=\"2021-10-27T15:41:25+00:00\" \/>\n<meta property=\"og:image\" content=\"https:\/\/infolocale.actu.fr\/blog\/wp-content\/uploads\/2020\/12\/Nouveau-projet-8.jpg\" \/>\n\t<meta property=\"og:image:width\" content=\"686\" \/>\n\t<meta property=\"og:image:height\" content=\"630\" \/>\n\t<meta property=\"og:image:type\" content=\"image\/jpeg\" \/>\n<meta name=\"author\" content=\"Myl\u00e8ne\" \/>\n<meta name=\"twitter:card\" content=\"summary_large_image\" \/>\n<meta name=\"twitter:creator\" content=\"@infolocale\" \/>\n<meta name=\"twitter:site\" content=\"@infolocale\" \/>\n<meta name=\"twitter:label1\" content=\"\u00c9crit par\" \/>\n\t<meta name=\"twitter:data1\" content=\"Myl\u00e8ne\" \/>\n\t<meta name=\"twitter:label2\" content=\"Dur\u00e9e de lecture estim\u00e9e\" \/>\n\t<meta name=\"twitter:data2\" content=\"6 minutes\" \/>\n<script type=\"application\/ld+json\" class=\"yoast-schema-graph\">{\"@context\":\"https:\/\/schema.org\",\"@graph\":[{\"@type\":\"Article\",\"@id\":\"https:\/\/infolocale.actu.fr\/blog\/ar-vuhez-de-rennes\/#article\",\"isPartOf\":{\"@id\":\"https:\/\/infolocale.actu.fr\/blog\/ar-vuhez-de-rennes\/\"},\"author\":{\"name\":\"Myl\u00e8ne\",\"@id\":\"https:\/\/www.infolocale.fr\/blog\/#\/schema\/person\/bf2dc50c6636ffa2ce3e44ef1f9eb97f\"},\"headline\":\"Les AMAP \u00e9tudiantes de l\u2019Association Ar Vuhez de Rennes\",\"datePublished\":\"2020-04-10T15:53:00+00:00\",\"dateModified\":\"2021-10-27T15:41:25+00:00\",\"mainEntityOfPage\":{\"@id\":\"https:\/\/infolocale.actu.fr\/blog\/ar-vuhez-de-rennes\/\"},\"wordCount\":1445,\"commentCount\":0,\"publisher\":{\"@id\":\"https:\/\/www.infolocale.fr\/blog\/#organization\"},\"image\":{\"@id\":\"https:\/\/infolocale.actu.fr\/blog\/ar-vuhez-de-rennes\/#primaryimage\"},\"thumbnailUrl\":\"https:\/\/www.infolocale.fr\/blog\/wp-content\/uploads\/2020\/12\/Nouveau-projet-8.jpg\",\"articleSection\":[\"En ce moment\",\"Portraits\"],\"inLanguage\":\"fr-FR\",\"potentialAction\":[{\"@type\":\"CommentAction\",\"name\":\"Comment\",\"target\":[\"https:\/\/infolocale.actu.fr\/blog\/ar-vuhez-de-rennes\/#respond\"]}]},{\"@type\":\"WebPage\",\"@id\":\"https:\/\/infolocale.actu.fr\/blog\/ar-vuhez-de-rennes\/\",\"url\":\"https:\/\/infolocale.actu.fr\/blog\/ar-vuhez-de-rennes\/\",\"name\":\"Les AMAP \u00e9tudiantes de l\u2019Association Ar Vuhez de Rennes |\",\"isPartOf\":{\"@id\":\"https:\/\/www.infolocale.fr\/blog\/#website\"},\"primaryImageOfPage\":{\"@id\":\"https:\/\/infolocale.actu.fr\/blog\/ar-vuhez-de-rennes\/#primaryimage\"},\"image\":{\"@id\":\"https:\/\/infolocale.actu.fr\/blog\/ar-vuhez-de-rennes\/#primaryimage\"},\"thumbnailUrl\":\"https:\/\/www.infolocale.fr\/blog\/wp-content\/uploads\/2020\/12\/Nouveau-projet-8.jpg\",\"datePublished\":\"2020-04-10T15:53:00+00:00\",\"dateModified\":\"2021-10-27T15:41:25+00:00\",\"breadcrumb\":{\"@id\":\"https:\/\/infolocale.actu.fr\/blog\/ar-vuhez-de-rennes\/#breadcrumb\"},\"inLanguage\":\"fr-FR\",\"potentialAction\":[{\"@type\":\"ReadAction\",\"target\":[\"https:\/\/infolocale.actu.fr\/blog\/ar-vuhez-de-rennes\/\"]}]},{\"@type\":\"ImageObject\",\"inLanguage\":\"fr-FR\",\"@id\":\"https:\/\/infolocale.actu.fr\/blog\/ar-vuhez-de-rennes\/#primaryimage\",\"url\":\"https:\/\/www.infolocale.fr\/blog\/wp-content\/uploads\/2020\/12\/Nouveau-projet-8.jpg\",\"contentUrl\":\"https:\/\/www.infolocale.fr\/blog\/wp-content\/uploads\/2020\/12\/Nouveau-projet-8.jpg\",\"width\":686,\"height\":630},{\"@type\":\"BreadcrumbList\",\"@id\":\"https:\/\/infolocale.actu.fr\/blog\/ar-vuhez-de-rennes\/#breadcrumb\",\"itemListElement\":[{\"@type\":\"ListItem\",\"position\":1,\"name\":\"Blog\",\"item\":\"https:\/\/infolocale.ouest-france.fr\/blog\/\"},{\"@type\":\"ListItem\",\"position\":2,\"name\":\"Portraits\",\"item\":\"https:\/\/infolocale.20minutes.fr\/blog\/cat\/acteurs-locaux\/\"},{\"@type\":\"ListItem\",\"position\":3,\"name\":\"Les AMAP \u00e9tudiantes de l\u2019Association Ar Vuhez de Rennes\"}]},{\"@type\":\"WebSite\",\"@id\":\"https:\/\/www.infolocale.fr\/blog\/#website\",\"url\":\"https:\/\/www.infolocale.fr\/blog\/\",\"name\":\"\",\"description\":\"\",\"publisher\":{\"@id\":\"https:\/\/www.infolocale.fr\/blog\/#organization\"},\"potentialAction\":[{\"@type\":\"SearchAction\",\"target\":{\"@type\":\"EntryPoint\",\"urlTemplate\":\"https:\/\/www.infolocale.fr\/blog\/?s={search_term_string}\"},\"query-input\":\"required name=search_term_string\"}],\"inLanguage\":\"fr-FR\"},{\"@type\":\"Organization\",\"@id\":\"https:\/\/www.infolocale.fr\/blog\/#organization\",\"name\":\"Infolocale\",\"url\":\"https:\/\/www.infolocale.fr\/blog\/\",\"logo\":{\"@type\":\"ImageObject\",\"inLanguage\":\"fr-FR\",\"@id\":\"https:\/\/www.infolocale.fr\/blog\/#\/schema\/logo\/image\/\",\"url\":\"https:\/\/www.infolocale.fr\/blog\/wp-content\/uploads\/2020\/11\/logol.jpg\",\"contentUrl\":\"https:\/\/www.infolocale.fr\/blog\/wp-content\/uploads\/2020\/11\/logol.jpg\",\"width\":1031,\"height\":398,\"caption\":\"Infolocale\"},\"image\":{\"@id\":\"https:\/\/www.infolocale.fr\/blog\/#\/schema\/logo\/image\/\"},\"sameAs\":[\"https:\/\/www.facebook.com\/infolocaleFR\/\",\"https:\/\/x.com\/infolocale\",\"https:\/\/www.instagram.com\/infolocale\/\",\"https:\/\/fr.linkedin.com\/company\/infolocale\",\"https:\/\/www.youtube.com\/channel\/UCnv4FA8EYEuu_si3TGr7xeA\"]},{\"@type\":\"Person\",\"@id\":\"https:\/\/www.infolocale.fr\/blog\/#\/schema\/person\/bf2dc50c6636ffa2ce3e44ef1f9eb97f\",\"name\":\"Myl\u00e8ne\",\"image\":{\"@type\":\"ImageObject\",\"inLanguage\":\"fr-FR\",\"@id\":\"https:\/\/www.infolocale.fr\/blog\/#\/schema\/person\/image\/\",\"url\":\"https:\/\/secure.gravatar.com\/avatar\/49511f0ea4b41ed3062b218e30f07042?s=96&d=mm&r=g\",\"contentUrl\":\"https:\/\/secure.gravatar.com\/avatar\/49511f0ea4b41ed3062b218e30f07042?s=96&d=mm&r=g\",\"caption\":\"Myl\u00e8ne\"},\"url\":\"https:\/\/www.infolocale.fr\/blog\/author\/mylene-michel\/\"}]}<\/script>\n<!-- \/ Yoast SEO plugin. -->","yoast_head_json":{"title":"Les AMAP \u00e9tudiantes de l\u2019Association Ar Vuhez de Rennes |","robots":{"index":"index","follow":"follow","max-snippet":"max-snippet:-1","max-image-preview":"max-image-preview:large","max-video-preview":"max-video-preview:-1"},"canonical":"https:\/\/infolocale.actu.fr\/blog\/ar-vuhez-de-rennes\/","og_locale":"fr_FR","og_type":"article","og_title":"Les AMAP \u00e9tudiantes de l\u2019Association Ar Vuhez de Rennes |","og_description":"Consommer sain dans le respect de la Nature L\u2019AMAP -l\u2019Association pour le Maintien de l\u2019Agriculture Paysanne- a pour objectif de promouvoir&nbsp; la production locale de [&hellip;]","og_url":"https:\/\/infolocale.actu.fr\/blog\/ar-vuhez-de-rennes\/","article_publisher":"https:\/\/www.facebook.com\/infolocaleFR\/","article_published_time":"2020-04-10T15:53:00+00:00","article_modified_time":"2021-10-27T15:41:25+00:00","og_image":[{"width":686,"height":630,"url":"https:\/\/infolocale.actu.fr\/blog\/wp-content\/uploads\/2020\/12\/Nouveau-projet-8.jpg","type":"image\/jpeg"}],"author":"Myl\u00e8ne","twitter_card":"summary_large_image","twitter_creator":"@infolocale","twitter_site":"@infolocale","twitter_misc":{"\u00c9crit par":"Myl\u00e8ne","Dur\u00e9e de lecture estim\u00e9e":"6 minutes"},"schema":{"@context":"https:\/\/schema.org","@graph":[{"@type":"Article","@id":"https:\/\/infolocale.actu.fr\/blog\/ar-vuhez-de-rennes\/#article","isPartOf":{"@id":"https:\/\/infolocale.actu.fr\/blog\/ar-vuhez-de-rennes\/"},"author":{"name":"Myl\u00e8ne","@id":"https:\/\/www.infolocale.fr\/blog\/#\/schema\/person\/bf2dc50c6636ffa2ce3e44ef1f9eb97f"},"headline":"Les AMAP \u00e9tudiantes de l\u2019Association Ar Vuhez de Rennes","datePublished":"2020-04-10T15:53:00+00:00","dateModified":"2021-10-27T15:41:25+00:00","mainEntityOfPage":{"@id":"https:\/\/infolocale.actu.fr\/blog\/ar-vuhez-de-rennes\/"},"wordCount":1445,"commentCount":0,"publisher":{"@id":"https:\/\/www.infolocale.fr\/blog\/#organization"},"image":{"@id":"https:\/\/infolocale.actu.fr\/blog\/ar-vuhez-de-rennes\/#primaryimage"},"thumbnailUrl":"https:\/\/www.infolocale.fr\/blog\/wp-content\/uploads\/2020\/12\/Nouveau-projet-8.jpg","articleSection":["En ce moment","Portraits"],"inLanguage":"fr-FR","potentialAction":[{"@type":"CommentAction","name":"Comment","target":["https:\/\/infolocale.actu.fr\/blog\/ar-vuhez-de-rennes\/#respond"]}]},{"@type":"WebPage","@id":"https:\/\/infolocale.actu.fr\/blog\/ar-vuhez-de-rennes\/","url":"https:\/\/infolocale.actu.fr\/blog\/ar-vuhez-de-rennes\/","name":"Les AMAP \u00e9tudiantes de l\u2019Association Ar Vuhez de Rennes |","isPartOf":{"@id":"https:\/\/www.infolocale.fr\/blog\/#website"},"primaryImageOfPage":{"@id":"https:\/\/infolocale.actu.fr\/blog\/ar-vuhez-de-rennes\/#primaryimage"},"image":{"@id":"https:\/\/infolocale.actu.fr\/blog\/ar-vuhez-de-rennes\/#primaryimage"},"thumbnailUrl":"https:\/\/www.infolocale.fr\/blog\/wp-content\/uploads\/2020\/12\/Nouveau-projet-8.jpg","datePublished":"2020-04-10T15:53:00+00:00","dateModified":"2021-10-27T15:41:25+00:00","breadcrumb":{"@id":"https:\/\/infolocale.actu.fr\/blog\/ar-vuhez-de-rennes\/#breadcrumb"},"inLanguage":"fr-FR","potentialAction":[{"@type":"ReadAction","target":["https:\/\/infolocale.actu.fr\/blog\/ar-vuhez-de-rennes\/"]}]},{"@type":"ImageObject","inLanguage":"fr-FR","@id":"https:\/\/infolocale.actu.fr\/blog\/ar-vuhez-de-rennes\/#primaryimage","url":"https:\/\/www.infolocale.fr\/blog\/wp-content\/uploads\/2020\/12\/Nouveau-projet-8.jpg","contentUrl":"https:\/\/www.infolocale.fr\/blog\/wp-content\/uploads\/2020\/12\/Nouveau-projet-8.jpg","width":686,"height":630},{"@type":"BreadcrumbList","@id":"https:\/\/infolocale.actu.fr\/blog\/ar-vuhez-de-rennes\/#breadcrumb","itemListElement":[{"@type":"ListItem","position":1,"name":"Blog","item":"https:\/\/infolocale.ouest-france.fr\/blog\/"},{"@type":"ListItem","position":2,"name":"Portraits","item":"https:\/\/infolocale.20minutes.fr\/blog\/cat\/acteurs-locaux\/"},{"@type":"ListItem","position":3,"name":"Les AMAP \u00e9tudiantes de l\u2019Association Ar Vuhez de Rennes"}]},{"@type":"WebSite","@id":"https:\/\/www.infolocale.fr\/blog\/#website","url":"https:\/\/www.infolocale.fr\/blog\/","name":"","description":"","publisher":{"@id":"https:\/\/www.infolocale.fr\/blog\/#organization"},"potentialAction":[{"@type":"SearchAction","target":{"@type":"EntryPoint","urlTemplate":"https:\/\/www.infolocale.fr\/blog\/?s={search_term_string}"},"query-input":"required name=search_term_string"}],"inLanguage":"fr-FR"},{"@type":"Organization","@id":"https:\/\/www.infolocale.fr\/blog\/#organization","name":"Infolocale","url":"https:\/\/www.infolocale.fr\/blog\/","logo":{"@type":"ImageObject","inLanguage":"fr-FR","@id":"https:\/\/www.infolocale.fr\/blog\/#\/schema\/logo\/image\/","url":"https:\/\/www.infolocale.fr\/blog\/wp-content\/uploads\/2020\/11\/logol.jpg","contentUrl":"https:\/\/www.infolocale.fr\/blog\/wp-content\/uploads\/2020\/11\/logol.jpg","width":1031,"height":398,"caption":"Infolocale"},"image":{"@id":"https:\/\/www.infolocale.fr\/blog\/#\/schema\/logo\/image\/"},"sameAs":["https:\/\/www.facebook.com\/infolocaleFR\/","https:\/\/x.com\/infolocale","https:\/\/www.instagram.com\/infolocale\/","https:\/\/fr.linkedin.com\/company\/infolocale","https:\/\/www.youtube.com\/channel\/UCnv4FA8EYEuu_si3TGr7xeA"]},{"@type":"Person","@id":"https:\/\/www.infolocale.fr\/blog\/#\/schema\/person\/bf2dc50c6636ffa2ce3e44ef1f9eb97f","name":"Myl\u00e8ne","image":{"@type":"ImageObject","inLanguage":"fr-FR","@id":"https:\/\/www.infolocale.fr\/blog\/#\/schema\/person\/image\/","url":"https:\/\/secure.gravatar.com\/avatar\/49511f0ea4b41ed3062b218e30f07042?s=96&d=mm&r=g","contentUrl":"https:\/\/secure.gravatar.com\/avatar\/49511f0ea4b41ed3062b218e30f07042?s=96&d=mm&r=g","caption":"Myl\u00e8ne"},"url":"https:\/\/www.infolocale.fr\/blog\/author\/mylene-michel\/"}]}},"_links":{"self":[{"href":"https:\/\/www.infolocale.fr\/blog\/wp-json\/wp\/v2\/posts\/1318"}],"collection":[{"href":"https:\/\/www.infolocale.fr\/blog\/wp-json\/wp\/v2\/posts"}],"about":[{"href":"https:\/\/www.infolocale.fr\/blog\/wp-json\/wp\/v2\/types\/post"}],"author":[{"embeddable":true,"href":"https:\/\/www.infolocale.fr\/blog\/wp-json\/wp\/v2\/users\/8"}],"replies":[{"embeddable":true,"href":"https:\/\/www.infolocale.fr\/blog\/wp-json\/wp\/v2\/comments?post=1318"}],"version-history":[{"count":0,"href":"https:\/\/www.infolocale.fr\/blog\/wp-json\/wp\/v2\/posts\/1318\/revisions"}],"wp:featuredmedia":[{"embeddable":true,"href":"https:\/\/www.infolocale.fr\/blog\/wp-json\/wp\/v2\/media\/5068"}],"wp:attachment":[{"href":"https:\/\/www.infolocale.fr\/blog\/wp-json\/wp\/v2\/media?parent=1318"}],"wp:term":[{"taxonomy":"category","embeddable":true,"href":"https:\/\/www.infolocale.fr\/blog\/wp-json\/wp\/v2\/categories?post=1318"},{"taxonomy":"post_tag","embeddable":true,"href":"https:\/\/www.infolocale.fr\/blog\/wp-json\/wp\/v2\/tags?post=1318"}],"curies":[{"name":"wp","href":"https:\/\/api.w.org\/{rel}","templated":true}]}}