{"id":12682,"date":"2021-08-19T14:43:06","date_gmt":"2021-08-19T12:43:06","guid":{"rendered":"https:\/\/www.infolocale.fr\/blog\/?p=12682"},"modified":"2026-04-29T00:02:59","modified_gmt":"2026-04-28T22:02:59","slug":"idees-darticles-pour-blog-association","status":"publish","type":"post","link":"https:\/\/www.infolocale.fr\/blog\/idees-darticles-pour-blog-association\/","title":{"rendered":"8 id\u00e9es d\u2019articles pour le site de votre association"},"content":{"rendered":"\n<p class=\"has-black-color has-text-color has-background\" style=\"background-color:#a1d5f5\">Il existe de nombreuses <strong>id\u00e9es d\u2019articles que vous pouvez publier sur votre site internet<\/strong>. On peut \u00e9voquer : les  portraits, les nouveaux projets, les annonces d\u2019\u00e9v\u00e9nements, les comptes-rendus d\u2019\u00e9v\u00e9nements, l\u2019article expertise, l\u2019histoire de votre association, ou encore, le lancement de la nouvelle saison. En outre, pour faciliter la mise en place de votre ligne \u00e9ditoriale, vous pouvez cr\u00e9er un plan de publications bas\u00e9 sur les sujets r\u00e9currents (les marronniers) et sur l\u2019actualit\u00e9 de votre association. D\u2019une mani\u00e8re g\u00e9n\u00e9rale, trouver des <strong>id\u00e9es d\u2019articles pour le site d\u2019une association<\/strong> repose en grande partie sur la capacit\u00e9 \u00e0 percevoir un sujet au moment o\u00f9 celui-ci appara\u00eet dans l\u2019association. <\/p>\n\n\n\n<div class=\"wp-block-buttons is-horizontal is-content-justification-center is-layout-flex wp-container-core-buttons-is-layout-1 wp-block-buttons-is-layout-flex\">\n<div class=\"wp-block-button\"><a class=\"wp-block-button__link has-white-color has-luminous-vivid-amber-background-color has-text-color has-background wp-element-button\"><strong>&gt;&gt;Inscrire mon asso \u00e0 Infolocale <\/strong><\/a><\/div>\n<\/div>\n\n\n\n<h2 class=\"wp-block-heading\">1. Le portrait\u00a0de votre association<\/h2>\n\n\n\n<p>Le portrait va permettre \u00e0 votre association de pr\u00e9senter l\u2019un de ses membres au travers de ce qu\u2019il le rend original, de sa passion ou de son investissement.&nbsp;<\/p>\n\n\n\n<p>Diff\u00e9rentes raisons peuvent justifier l\u2019\u00e9criture d\u2019un portrait et la mise en avant d\u2019une personne de votre association.&nbsp;<\/p>\n\n\n\n<ul class=\"wp-block-list\">\n<li>Un portrait peut mettre en avant un b\u00e9n\u00e9vole investi de longue date dans votre association.<\/li>\n\n\n\n<li>Dans les associations sportives, il peut arriver d\u2019avoir des joueurs s\u00e9lectionn\u00e9s en \u00e9quipe nationale ou r\u00e9gionale.\u00a0<\/li>\n\n\n\n<li>Vous pouvez \u00e9galement avoir un transfert de qualit\u00e9. Ce sont typiquement des sujets qui se pr\u00eateront \u00e0 des portraits.\u00a0<\/li>\n\n\n\n<li>Vous pouvez aussi avoir un profil singulier, une personne qui sort du lot et qui pour ces qualit\u00e9s humaines, personnelles ou son parcours de vie pourrait donner lieu \u00e0 un article sur votre site.<\/li>\n<\/ul>\n\n\n\n<p>Pour l\u2019\u00e9criture de votre portrait, utilisez des citations. posez des questions sur le parcours de la personne, ce qui l\u2019a amen\u00e9 \u00e0 entrer dans votre association, ce qu\u2019elle aime, les raisons de son engagement. N&rsquo;oubliez pas d\u2019accompagner votre portrait d\u2019une photo caract\u00e9risant la personne pr\u00e9sent\u00e9e.<\/p>\n\n\n\n<div class=\"wp-block-buttons is-horizontal is-content-justification-center is-layout-flex wp-container-core-buttons-is-layout-2 wp-block-buttons-is-layout-flex\">\n<div class=\"wp-block-button\"><a class=\"wp-block-button__link has-white-color has-luminous-vivid-amber-background-color has-text-color has-background wp-element-button\"><strong>&gt;&gt;Inscrire mon asso \u00e0 Infolocale <\/strong><\/a><\/div>\n<\/div>\n\n\n\n<h2 class=\"wp-block-heading\">2. Pr\u00e9senter vos projets pour multiplier vos id\u00e9es d&rsquo;articles<\/h2>\n\n\n\n<p>Votre association a des projets. Peut-\u00eatre allez vous ouvrir une nouvelle section, une nouvelle discipline ? Peut-\u00eatre pensez-vous recruter ? Vous allez obtenir une nouvelle salle, un nouveau si\u00e8ge, un nouveau terrain ? Vous lancez un <a href=\"https:\/\/www.infolocale.fr\/blog\/campagne-financement-participatif-association\/\">financement participatif<\/a> ?<\/p>\n\n\n\n<p>Tous ces projets sont autant <strong>d\u2019id\u00e9es d\u2019articles pour le site de votre association<\/strong>.<\/p>\n\n\n\n<p>Parlez-en, interviewez la personne charg\u00e9e du projet. Si des personnes dans les collectivit\u00e9s ou \u00e0 votre mairie, sont en charge du dossier, n\u2019h\u00e9sitez pas \u00e0 les appeler pour obtenir des informations.&nbsp;<\/p>\n\n\n\n<p>Si vous menez des interviews, n\u2019oubliez pas de toujours vous pr\u00e9senter et de pr\u00e9ciser la raison de votre appel. Dans un article pour votre blog, ne faites jamais parler une personne sans l\u2019avoir pr\u00e9venu pr\u00e9alablement de l\u2019objectif de votre appel.<\/p>\n\n\n\n<p>Dans votre \u00e9criture parlez de l\u2019objectif du projet, de ses enjeux, ce que cela apportera \u00e0 votre association. Parlez du calendrier, des \u00e9tapes \u00e0 venir et des conditions pour que tout se passe comme pr\u00e9vu.<\/p>\n\n\n\n<h2 class=\"wp-block-heading\">3. Annoncer les \u00e9v\u00e9nements : des id\u00e9es d&rsquo;articles incontournables<\/h2>\n\n\n\n<p>C\u2019est le sujet de base pour tout blog d\u2019une association. Quand vous organisez un \u00e9v\u00e9nement, une manifestation, vous devez syst\u00e9matiquement publier une annonce. L\u2019article ainsi \u00e9crit sera publi\u00e9 sur les r\u00e9seaux sociaux. Via ces deux vecteurs, le site et les r\u00e9seaux sociaux, vous devriez \u00eatre en mesure de toucher les personnes qui s&rsquo;int\u00e9ressent de pr\u00e8s \u00e0 votre association.<\/p>\n\n\n\n<p>Dans votre article, n\u2019oubliez pas les informations primordiales. R\u00e9pondez aux questions :&nbsp;<\/p>\n\n\n\n<ul class=\"wp-block-list\">\n<li>Qui ? Qui organise l\u2019\u00e9v\u00e9nement<\/li>\n\n\n\n<li>Quoi ? Ce que vous organisez, son programme, le d\u00e9roul\u00e9 de la journ\u00e9e&#8230;<\/li>\n\n\n\n<li>Quand ? La date \u00e0 laquelle se d\u00e9roule votre \u00e9v\u00e9nement, l&rsquo;heure d&rsquo;ouverture.<\/li>\n\n\n\n<li>O\u00f9 ? L\u2019adresse de rendez-vous, celle de la salle, du stade, du lieu o\u00f9 vous vous produisez.<\/li>\n\n\n\n<li>Prix ? Votre \u00e9v\u00e9nement est-il payant ? Combien co\u00fbte-t-il ?<\/li>\n<\/ul>\n\n\n<div class=\"wp-block-image is-resized\">\n<figure class=\"aligncenter size-large has-lightbox\"><a href=\"https:\/\/www.infolocale.fr\/decouvrir\/deposant\/?utm_source=blog&amp;utm_medium=banner&amp;utm_campaign=blog-content\"><img fetchpriority=\"high\" decoding=\"async\" width=\"1024\" height=\"1024\" src=\"https:\/\/www.infolocale.fr\/blog\/wp-content\/uploads\/2021\/11\/banniere-NLDASSO-carree1500x1500-1024x1024.jpg\" alt=\"\" class=\"wp-image-23946\" srcset=\"https:\/\/www.infolocale.fr\/blog\/wp-content\/uploads\/2021\/11\/banniere-NLDASSO-carree1500x1500-1024x1024.jpg 1024w, https:\/\/www.infolocale.fr\/blog\/wp-content\/uploads\/2021\/11\/banniere-NLDASSO-carree1500x1500-300x300.jpg 300w, https:\/\/www.infolocale.fr\/blog\/wp-content\/uploads\/2021\/11\/banniere-NLDASSO-carree1500x1500-150x150.jpg 150w, https:\/\/www.infolocale.fr\/blog\/wp-content\/uploads\/2021\/11\/banniere-NLDASSO-carree1500x1500-768x768.jpg 768w, https:\/\/www.infolocale.fr\/blog\/wp-content\/uploads\/2021\/11\/banniere-NLDASSO-carree1500x1500.jpg 1500w\" sizes=\"(max-width: 1024px) 100vw, 1024px\" \/><\/a><\/figure><\/div>\n\n\n<h2 class=\"wp-block-heading\">4. Publier des comptes rendus de vos \u00e9v\u00e9nements<\/h2>\n\n\n\n<p>Cette <strong>id\u00e9e d\u2019article<\/strong> que vous pouvez ajouter \u00e0 la ligne \u00e9ditoriale du site de votre association, fait naturellement suite \u00e0 l\u2019annonce d\u2019\u00e9v\u00e9nement. Ici vous allez d\u00e9briefer d\u2019un \u00e9v\u00e9nement pass\u00e9, de votre dernier match, d\u2019un rassemblement ou autre manifestation que votre association organise. Id\u00e9alement, cet article est publi\u00e9 le soir m\u00eame ou au plus tard, le lendemain de l\u2019\u00e9v\u00e9nement.<\/p>\n\n\n\n<p>Vous pouvez parler du nombre de participants ou de visiteurs. S\u2019il s\u2019agissait d\u2019un \u00e9v\u00e9nement en plein air, vous pouvez \u00e9voquer la m\u00e9t\u00e9o. Vous pouvez parler de l\u2019ambiance et du set des musiciens pour un concert. Vous pouvez parler de la qualit\u00e9 des interventions pour une conf\u00e9rence.&nbsp;<\/p>\n\n\n\n<p>Id\u00e9alement, vous pourriez interviewer quelques personnes pendant l\u2019\u00e9v\u00e9nement et les citer dans votre article afin de rapporter leur point de vue et impressions. Ainsi, vous pourriez faire parler :&nbsp;<\/p>\n\n\n\n<ul class=\"wp-block-list\">\n<li>les entra\u00eeneurs ou quelques joueurs pour un rencontre sportive<\/li>\n\n\n\n<li>un ou des artistes invit\u00e9s pour les concerts, les expositions, les conf\u00e9rences<\/li>\n\n\n\n<li>des personnes du publique pour les \u00e9v\u00e9nements ouverts,<\/li>\n\n\n\n<li>des participants, des b\u00e9n\u00e9voles pour les op\u00e9rations \u00e9cologiques, citoyennes<\/li>\n<\/ul>\n\n\n\n<h2 class=\"wp-block-heading\">5. D\u00e9montrer votre expertise \u00e0 travers de nouvelles id\u00e9es d&rsquo;articles<\/h2>\n\n\n\n<p>Quel que soit le domaine d\u2019activit\u00e9 de votre association, celui-ci est votre domaine d\u2019expertise. La ligne \u00e9ditoriale de votre blog devrait rendre visible cette expertise. Parmi vos b\u00e9n\u00e9voles, parmi vos cadres, vous avez tr\u00e8s certainement des personnes qui connaissent votre sujet sur le bout des doigts. Faites les intervenir ! Elles auront probablement de nombreuses<strong> id\u00e9es d&rsquo;articles<\/strong> pour votre blog.&nbsp;<\/p>\n\n\n\n<p>Votre blog peut devenir un site r\u00e9f\u00e9rent sur le domaine d&rsquo;expertise de votre association.<\/p>\n\n\n\n<p>On peut tr\u00e8s facilement penser aux associations scientifiques, mais elles ne sont pas les seules. Tous les domaines ont besoin d\u2019experts. Que vous \u00e9voluiez dans le domaine du sport, des arts, de la culture, de l\u2019\u00e9cologie ou de l\u2019engagement humanitaire, votre site internet peut devenir un vecteur d\u2019information pointues. Ce peut-\u00eatre sur un ancrage global, national ou plus pr\u00e9cis\u00e9ment sur les probl\u00e9matiques de votre territoire.<\/p>\n\n\n\n<h2 class=\"wp-block-heading\">6. Raconter l\u2019Histoire de votre association<\/h2>\n\n\n\n<p>On reste ici aussi dans le domaine de l\u2019expertise. Il s\u2019agit de parler de votre association, de son histoire. Evidemment, ce type d\u2019article ne peut \u00eatre \u00e9crit que par des associations d\u2019un certain \u00e2ge. La seconde contrainte sera qu\u2019elles devront \u00e9galement avoir conserv\u00e9 la m\u00e9moire de leur pass\u00e9.<\/p>\n\n\n\n<p>Les sujets d\u2019Histoire peuvent prendre la forme d\u2019une chronique qui peut \u00eatre d\u00e9coup\u00e9e en ann\u00e9es, en grands th\u00e8mes ou p\u00e9riodes. Vous pouvez essayer de r\u00e9cup\u00e9rer des commentaires provenant de membres historiques de l\u2019association, des fondateurs, de personnes qui ont particip\u00e9 \u00e0 vos manifestations et \u00e9v\u00e9nements.&nbsp;<\/p>\n\n\n\n<p>Id\u00e9alement, ce type d\u2019articles sera accompagn\u00e9 d\u2019archives que vous pouvez \u00e9galement glaner aupr\u00e8s des anciens. Elles peuvent \u00eatre constitu\u00e9es de :&nbsp;<\/p>\n\n\n\n<ul class=\"wp-block-list\">\n<li>photos,\u00a0<\/li>\n\n\n\n<li>vid\u00e9os,\u00a0<\/li>\n\n\n\n<li>d\u2019articles de presse,\u00a0<\/li>\n\n\n\n<li>de reportages TV<\/li>\n<\/ul>\n\n\n\n<p>Pour r\u00e9cup\u00e9rer vos archives m\u00e9dias, vous pouvez g\u00e9n\u00e9ralement vous tourner vers les r\u00e9dactions de vos titres de la presse r\u00e9gionale. Ceux-ci mettent souvent \u00e0 disposition du grand public des outils pour consulter leurs archives et anciens num\u00e9ros.<\/p>\n\n\n\n<h2 class=\"wp-block-heading\">7. Id\u00e9es d&rsquo;articles : lancer la nouvelle saison<\/h2>\n\n\n\n<p>Ce type d\u2019article ne se publie qu\u2019une fois par an, g\u00e9n\u00e9ralement entre la fin ao\u00fbt et le d\u00e9but octobre. On peut m\u00eame le consid\u00e9rer comme un marronnier au sein de la ligne \u00e9ditoriale du blog de votre association. Cet article vous permet de lancer votre ann\u00e9e, de faire le point sur les projets et vos besoins \u00e0 venir.<\/p>\n\n\n\n<p>Dans les faits, un tel article, plut\u00f4t que de n\u2019\u00eatre qu\u2019un seul contenu, pourrait \u00eatre s\u00e9par\u00e9 en plusieurs publications. Ainsi, vous pourriez \u00e9crire :&nbsp;<\/p>\n\n\n\n<ul class=\"wp-block-list\">\n<li>Un sujet pour faire part de vos besoins en b\u00e9n\u00e9voles<\/li>\n\n\n\n<li>Un autre pour lancer votre campagne d\u2019abonnements, ou le paiement des licences.<\/li>\n\n\n\n<li>Ou encore pour annoncer vos calendriers, la programmation des mois \u00e0 venir.<\/li>\n<\/ul>\n\n\n\n<p>Votre rentr\u00e9e pourrait ainsi devenir un vrai \u00e9v\u00e9nement port\u00e9 par une campagne de communication associ\u00e9e non seulement \u00e0 votre blog, mais aussi \u00e0 vos r\u00e9seaux sociaux et vos relations presse.<\/p>\n\n\n\n<h2 class=\"wp-block-heading\">8. Quelle ligne \u00e9ditoriale pour le site de votre association ?<\/h2>\n\n\n\n<p>Ce dernier point n\u2019est pas un sujet, mais plut\u00f4t un conseil sur la mani\u00e8re de tenir <a href=\"https:\/\/blog.hubspot.fr\/marketing\/ligne-editoriale\">la ligne \u00e9ditoriale<\/a> de votre blog.\u00a0<\/p>\n\n\n\n<p>Animer le blog d\u2019une association, trouver des<strong> id\u00e9es d\u2019articles<\/strong>, \u00e9crire, trouver des visuels pour illustrer chaque publication\u2026 Tout cela prend beaucoup de temps. Cependant, il existe quelques petites actions que vous pouvez mettre en place pour simplifier ce travail.&nbsp;<\/p>\n\n\n\n<h3 class=\"wp-block-heading\">Nommer une personne d\u00e9di\u00e9e \u00e0 l\u2019\u00e9criture de vos articles<\/h3>\n\n\n\n<p>Pour commencer, vous pouvez lister les grands domaines pouvant donner lieu \u00e0 des articles tels qu&rsquo;ils sont list\u00e9s ci-dessous. Gardez les en t\u00eate, restez en veille sur la vie de votre association et ce qui s\u2019y d\u00e9roule.&nbsp;<\/p>\n\n\n\n<p>Vous devez \u00eatre en mesure de saisir un sujet quand il survient dans la vie de votre association. Pour y parvenir, il est important de doter votre association d\u2019une personne d\u00e9di\u00e9e \u00e0 ces missions d\u2019\u00e9criture et d\u2019animation de votre site internet. Une personne d\u00e9di\u00e9e \u00e0 l\u2019\u00e9criture sera plus r\u00e9ceptive aux actualit\u00e9s et \u00e9v\u00e9nements pouvant donner lieu \u00e0 un article.<\/p>\n\n\n\n<p>A contrario, si votre auteur est \u00e9galement membre du bureau ou d\u00e9tenteur de plusieurs responsabilit\u00e9s dans votre association, il est probable que ces missions de communication passent rapidement au second plan de ses priorit\u00e9s et que de nombreux sujets ne soient finalement pas trait\u00e9s.<\/p>\n\n\n\n<h3 class=\"wp-block-heading\">Mettre en place un calendrier des marronniers<\/h3>\n\n\n\n<p>Les marronniers sont des sujets qui reviennent p\u00e9riodiquement dans la vie de votre association. Typiquement, ce peut \u00eatre l\u2019article sur :&nbsp;<\/p>\n\n\n\n<ul class=\"wp-block-list\">\n<li>l\u2019assembl\u00e9e g\u00e9n\u00e9rale de votre association<\/li>\n\n\n\n<li>Si elle existe, vos actions pour la journ\u00e9e internationale de votre discipline (exemple de la <a href=\"https:\/\/www.infolocale.fr\/blog\/journee-mondiale-du-tennis\/\">journ\u00e9e internationale du tennis<\/a>)<\/li>\n\n\n\n<li>la divulgation du programme annuel, du calendrier de la saison, des activit\u00e9s<\/li>\n\n\n\n<li>la reprise de vos activit\u00e9s en septembre<\/li>\n\n\n\n<li>le bilan de fin de saison&#8230;<\/li>\n<\/ul>\n\n\n\n<p>Ces sujets tombent tous les ans au m\u00eame moment, il sont facile \u00e0 \u00e9crire et surtout tr\u00e8s facile \u00e0 anticiper. Leur \u00e9criture est donc extr\u00eamement facile \u00e0 mettre en place et \u00e0 programmer.<\/p>\n\n\n\n<p>Pour ne pas les oublier, vous pouvez cr\u00e9er un calendrier de communication sur lequel vous int\u00e9grerez les marronniers. Ce document peut \u00eatre fait sous Excel et r\u00e9pertorier, sur chaque mois de l\u2019ann\u00e9e, les<strong> id\u00e9es d\u2019articles<\/strong> r\u00e9currents.<\/p>\n\n\n\n<p>De plus, avec ce document, il est possible de trouver des synergies en faisant de lui un vaste <a href=\"https:\/\/www.infolocale.fr\/blog\/plan-communication-association\/\">plan de communication pour association<\/a> int\u00e9grant le calendrier de vos mails, les \u00e9v\u00e9nements et les grands rendez-vous de votre communication annuelle.&nbsp;<\/p>\n\n\n\n<p>Ce document sera \u00e0 transmettre aux futurs responsables du site internet ou de la communication de votre association. Il permettra aux \u00e9quipes qui tournent, de pouvoir rapidement prendre possession de leurs nouvelles responsabilit\u00e9s.<\/p>\n","protected":false},"excerpt":{"rendered":"<p>Il existe de nombreuses id\u00e9es d\u2019articles que vous pouvez publier sur votre site internet. On peut \u00e9voquer : les portraits, les nouveaux projets, les annonces [&hellip;]<\/p>\n","protected":false},"author":2,"featured_media":12683,"comment_status":"open","ping_status":"open","sticky":false,"template":"","format":"standard","meta":{"_coblocks_attr":"","_coblocks_dimensions":"","_coblocks_responsive_height":"","_coblocks_accordion_ie_support":"","_mo_disable_npp":"","footnotes":""},"categories":[69],"tags":[],"class_list":["post-12682","post","type-post","status-publish","format-standard","has-post-thumbnail","hentry","category-communication-des-associations"],"yoast_head":"<!-- This site is optimized with the Yoast SEO plugin v23.2 - https:\/\/yoast.com\/wordpress\/plugins\/seo\/ -->\n<title>Huit Id\u00e9es d\u2019articles pour le blog ou le site d\u2019une association |<\/title>\n<meta name=\"description\" content=\"Des id\u00e9es d\u2019articles pour le site de votre association : les portraits, les nouveaux projets, les annonces d\u2019\u00e9v\u00e9nements, les comptes-rend...\" \/>\n<meta name=\"robots\" content=\"index, follow, max-snippet:-1, max-image-preview:large, max-video-preview:-1\" \/>\n<link rel=\"canonical\" href=\"https:\/\/infolocale.20minutes.fr\/blog\/idees-darticles-pour-blog-association\/\" \/>\n<meta property=\"og:locale\" content=\"fr_FR\" \/>\n<meta property=\"og:type\" content=\"article\" \/>\n<meta property=\"og:title\" content=\"Huit Id\u00e9es d\u2019articles pour le blog ou le site d\u2019une association |\" \/>\n<meta property=\"og:description\" content=\"Des id\u00e9es d\u2019articles pour le site de votre association : les portraits, les nouveaux projets, les annonces d\u2019\u00e9v\u00e9nements, les comptes-rend...\" \/>\n<meta property=\"og:url\" content=\"https:\/\/infolocale.20minutes.fr\/blog\/idees-darticles-pour-blog-association\/\" \/>\n<meta property=\"article:publisher\" content=\"https:\/\/www.facebook.com\/infolocaleFR\/\" \/>\n<meta property=\"article:published_time\" content=\"2021-08-19T12:43:06+00:00\" \/>\n<meta property=\"article:modified_time\" content=\"2026-04-28T22:02:59+00:00\" \/>\n<meta property=\"og:image\" content=\"https:\/\/infolocale.20minutes.fr\/blog\/wp-content\/uploads\/2021\/08\/idees-articles-blog-association.jpg\" \/>\n\t<meta property=\"og:image:width\" content=\"900\" \/>\n\t<meta property=\"og:image:height\" content=\"630\" \/>\n\t<meta property=\"og:image:type\" content=\"image\/jpeg\" \/>\n<meta name=\"author\" content=\"Morgan\" \/>\n<meta name=\"twitter:card\" content=\"summary_large_image\" \/>\n<meta name=\"twitter:creator\" content=\"@infolocale\" \/>\n<meta name=\"twitter:site\" content=\"@infolocale\" \/>\n<meta name=\"twitter:label1\" content=\"\u00c9crit par\" \/>\n\t<meta name=\"twitter:data1\" content=\"Morgan\" \/>\n\t<meta name=\"twitter:label2\" content=\"Dur\u00e9e de lecture estim\u00e9e\" \/>\n\t<meta name=\"twitter:data2\" content=\"9 minutes\" \/>\n<script type=\"application\/ld+json\" class=\"yoast-schema-graph\">{\"@context\":\"https:\/\/schema.org\",\"@graph\":[{\"@type\":\"Article\",\"@id\":\"https:\/\/infolocale.20minutes.fr\/blog\/idees-darticles-pour-blog-association\/#article\",\"isPartOf\":{\"@id\":\"https:\/\/infolocale.20minutes.fr\/blog\/idees-darticles-pour-blog-association\/\"},\"author\":{\"name\":\"Morgan\",\"@id\":\"https:\/\/www.infolocale.fr\/blog\/#\/schema\/person\/f0f748ece99417833166b3ba8890f3db\"},\"headline\":\"8 id\u00e9es d\u2019articles pour le site de votre association\",\"datePublished\":\"2021-08-19T12:43:06+00:00\",\"dateModified\":\"2026-04-28T22:02:59+00:00\",\"mainEntityOfPage\":{\"@id\":\"https:\/\/infolocale.20minutes.fr\/blog\/idees-darticles-pour-blog-association\/\"},\"wordCount\":1882,\"commentCount\":2,\"publisher\":{\"@id\":\"https:\/\/www.infolocale.fr\/blog\/#organization\"},\"image\":{\"@id\":\"https:\/\/infolocale.20minutes.fr\/blog\/idees-darticles-pour-blog-association\/#primaryimage\"},\"thumbnailUrl\":\"https:\/\/www.infolocale.fr\/blog\/wp-content\/uploads\/2021\/08\/idees-articles-blog-association.jpg\",\"articleSection\":[\"Communication des associations\"],\"inLanguage\":\"fr-FR\",\"potentialAction\":[{\"@type\":\"CommentAction\",\"name\":\"Comment\",\"target\":[\"https:\/\/infolocale.20minutes.fr\/blog\/idees-darticles-pour-blog-association\/#respond\"]}]},{\"@type\":\"WebPage\",\"@id\":\"https:\/\/infolocale.20minutes.fr\/blog\/idees-darticles-pour-blog-association\/\",\"url\":\"https:\/\/infolocale.20minutes.fr\/blog\/idees-darticles-pour-blog-association\/\",\"name\":\"Huit Id\u00e9es d\u2019articles pour le blog ou le site d\u2019une association |\",\"isPartOf\":{\"@id\":\"https:\/\/www.infolocale.fr\/blog\/#website\"},\"primaryImageOfPage\":{\"@id\":\"https:\/\/infolocale.20minutes.fr\/blog\/idees-darticles-pour-blog-association\/#primaryimage\"},\"image\":{\"@id\":\"https:\/\/infolocale.20minutes.fr\/blog\/idees-darticles-pour-blog-association\/#primaryimage\"},\"thumbnailUrl\":\"https:\/\/www.infolocale.fr\/blog\/wp-content\/uploads\/2021\/08\/idees-articles-blog-association.jpg\",\"datePublished\":\"2021-08-19T12:43:06+00:00\",\"dateModified\":\"2026-04-28T22:02:59+00:00\",\"description\":\"Des id\u00e9es d\u2019articles pour le site de votre association : les portraits, les nouveaux projets, les annonces d\u2019\u00e9v\u00e9nements, les comptes-rend...\",\"breadcrumb\":{\"@id\":\"https:\/\/infolocale.20minutes.fr\/blog\/idees-darticles-pour-blog-association\/#breadcrumb\"},\"inLanguage\":\"fr-FR\",\"potentialAction\":[{\"@type\":\"ReadAction\",\"target\":[\"https:\/\/infolocale.20minutes.fr\/blog\/idees-darticles-pour-blog-association\/\"]}]},{\"@type\":\"ImageObject\",\"inLanguage\":\"fr-FR\",\"@id\":\"https:\/\/infolocale.20minutes.fr\/blog\/idees-darticles-pour-blog-association\/#primaryimage\",\"url\":\"https:\/\/www.infolocale.fr\/blog\/wp-content\/uploads\/2021\/08\/idees-articles-blog-association.jpg\",\"contentUrl\":\"https:\/\/www.infolocale.fr\/blog\/wp-content\/uploads\/2021\/08\/idees-articles-blog-association.jpg\",\"width\":900,\"height\":630,\"caption\":\"id\u00e9es d'articles pour le site ou le blog d'une association\"},{\"@type\":\"BreadcrumbList\",\"@id\":\"https:\/\/infolocale.20minutes.fr\/blog\/idees-darticles-pour-blog-association\/#breadcrumb\",\"itemListElement\":[{\"@type\":\"ListItem\",\"position\":1,\"name\":\"Blog\",\"item\":\"https:\/\/infolocale.ouest-france.fr\/blog\/\"},{\"@type\":\"ListItem\",\"position\":2,\"name\":\"Communication des associations\",\"item\":\"https:\/\/infolocale.ouest-france.fr\/blog\/cat\/communication-des-associations\/\"},{\"@type\":\"ListItem\",\"position\":3,\"name\":\"8 id\u00e9es d\u2019articles pour le site de votre association\"}]},{\"@type\":\"WebSite\",\"@id\":\"https:\/\/www.infolocale.fr\/blog\/#website\",\"url\":\"https:\/\/www.infolocale.fr\/blog\/\",\"name\":\"\",\"description\":\"\",\"publisher\":{\"@id\":\"https:\/\/www.infolocale.fr\/blog\/#organization\"},\"potentialAction\":[{\"@type\":\"SearchAction\",\"target\":{\"@type\":\"EntryPoint\",\"urlTemplate\":\"https:\/\/www.infolocale.fr\/blog\/?s={search_term_string}\"},\"query-input\":\"required name=search_term_string\"}],\"inLanguage\":\"fr-FR\"},{\"@type\":\"Organization\",\"@id\":\"https:\/\/www.infolocale.fr\/blog\/#organization\",\"name\":\"Infolocale\",\"url\":\"https:\/\/www.infolocale.fr\/blog\/\",\"logo\":{\"@type\":\"ImageObject\",\"inLanguage\":\"fr-FR\",\"@id\":\"https:\/\/www.infolocale.fr\/blog\/#\/schema\/logo\/image\/\",\"url\":\"https:\/\/www.infolocale.fr\/blog\/wp-content\/uploads\/2020\/11\/logol.jpg\",\"contentUrl\":\"https:\/\/www.infolocale.fr\/blog\/wp-content\/uploads\/2020\/11\/logol.jpg\",\"width\":1031,\"height\":398,\"caption\":\"Infolocale\"},\"image\":{\"@id\":\"https:\/\/www.infolocale.fr\/blog\/#\/schema\/logo\/image\/\"},\"sameAs\":[\"https:\/\/www.facebook.com\/infolocaleFR\/\",\"https:\/\/x.com\/infolocale\",\"https:\/\/www.instagram.com\/infolocale\/\",\"https:\/\/fr.linkedin.com\/company\/infolocale\",\"https:\/\/www.youtube.com\/channel\/UCnv4FA8EYEuu_si3TGr7xeA\"]},{\"@type\":\"Person\",\"@id\":\"https:\/\/www.infolocale.fr\/blog\/#\/schema\/person\/f0f748ece99417833166b3ba8890f3db\",\"name\":\"Morgan\",\"image\":{\"@type\":\"ImageObject\",\"inLanguage\":\"fr-FR\",\"@id\":\"https:\/\/www.infolocale.fr\/blog\/#\/schema\/person\/image\/\",\"url\":\"https:\/\/secure.gravatar.com\/avatar\/a22ec2a0cc817ae9fa3ff7341a213632?s=96&d=mm&r=g\",\"contentUrl\":\"https:\/\/secure.gravatar.com\/avatar\/a22ec2a0cc817ae9fa3ff7341a213632?s=96&d=mm&r=g\",\"caption\":\"Morgan\"},\"url\":\"https:\/\/www.infolocale.fr\/blog\/author\/morgan-delepine\/\"}]}<\/script>\n<!-- \/ Yoast SEO plugin. -->","yoast_head_json":{"title":"Huit Id\u00e9es d\u2019articles pour le blog ou le site d\u2019une association |","description":"Des id\u00e9es d\u2019articles pour le site de votre association : les portraits, les nouveaux projets, les annonces d\u2019\u00e9v\u00e9nements, les comptes-rend...","robots":{"index":"index","follow":"follow","max-snippet":"max-snippet:-1","max-image-preview":"max-image-preview:large","max-video-preview":"max-video-preview:-1"},"canonical":"https:\/\/infolocale.20minutes.fr\/blog\/idees-darticles-pour-blog-association\/","og_locale":"fr_FR","og_type":"article","og_title":"Huit Id\u00e9es d\u2019articles pour le blog ou le site d\u2019une association |","og_description":"Des id\u00e9es d\u2019articles pour le site de votre association : les portraits, les nouveaux projets, les annonces d\u2019\u00e9v\u00e9nements, les comptes-rend...","og_url":"https:\/\/infolocale.20minutes.fr\/blog\/idees-darticles-pour-blog-association\/","article_publisher":"https:\/\/www.facebook.com\/infolocaleFR\/","article_published_time":"2021-08-19T12:43:06+00:00","article_modified_time":"2026-04-28T22:02:59+00:00","og_image":[{"width":900,"height":630,"url":"https:\/\/infolocale.20minutes.fr\/blog\/wp-content\/uploads\/2021\/08\/idees-articles-blog-association.jpg","type":"image\/jpeg"}],"author":"Morgan","twitter_card":"summary_large_image","twitter_creator":"@infolocale","twitter_site":"@infolocale","twitter_misc":{"\u00c9crit par":"Morgan","Dur\u00e9e de lecture estim\u00e9e":"9 minutes"},"schema":{"@context":"https:\/\/schema.org","@graph":[{"@type":"Article","@id":"https:\/\/infolocale.20minutes.fr\/blog\/idees-darticles-pour-blog-association\/#article","isPartOf":{"@id":"https:\/\/infolocale.20minutes.fr\/blog\/idees-darticles-pour-blog-association\/"},"author":{"name":"Morgan","@id":"https:\/\/www.infolocale.fr\/blog\/#\/schema\/person\/f0f748ece99417833166b3ba8890f3db"},"headline":"8 id\u00e9es d\u2019articles pour le site de votre association","datePublished":"2021-08-19T12:43:06+00:00","dateModified":"2026-04-28T22:02:59+00:00","mainEntityOfPage":{"@id":"https:\/\/infolocale.20minutes.fr\/blog\/idees-darticles-pour-blog-association\/"},"wordCount":1882,"commentCount":2,"publisher":{"@id":"https:\/\/www.infolocale.fr\/blog\/#organization"},"image":{"@id":"https:\/\/infolocale.20minutes.fr\/blog\/idees-darticles-pour-blog-association\/#primaryimage"},"thumbnailUrl":"https:\/\/www.infolocale.fr\/blog\/wp-content\/uploads\/2021\/08\/idees-articles-blog-association.jpg","articleSection":["Communication des associations"],"inLanguage":"fr-FR","potentialAction":[{"@type":"CommentAction","name":"Comment","target":["https:\/\/infolocale.20minutes.fr\/blog\/idees-darticles-pour-blog-association\/#respond"]}]},{"@type":"WebPage","@id":"https:\/\/infolocale.20minutes.fr\/blog\/idees-darticles-pour-blog-association\/","url":"https:\/\/infolocale.20minutes.fr\/blog\/idees-darticles-pour-blog-association\/","name":"Huit Id\u00e9es d\u2019articles pour le blog ou le site d\u2019une association |","isPartOf":{"@id":"https:\/\/www.infolocale.fr\/blog\/#website"},"primaryImageOfPage":{"@id":"https:\/\/infolocale.20minutes.fr\/blog\/idees-darticles-pour-blog-association\/#primaryimage"},"image":{"@id":"https:\/\/infolocale.20minutes.fr\/blog\/idees-darticles-pour-blog-association\/#primaryimage"},"thumbnailUrl":"https:\/\/www.infolocale.fr\/blog\/wp-content\/uploads\/2021\/08\/idees-articles-blog-association.jpg","datePublished":"2021-08-19T12:43:06+00:00","dateModified":"2026-04-28T22:02:59+00:00","description":"Des id\u00e9es d\u2019articles pour le site de votre association : les portraits, les nouveaux projets, les annonces d\u2019\u00e9v\u00e9nements, les comptes-rend...","breadcrumb":{"@id":"https:\/\/infolocale.20minutes.fr\/blog\/idees-darticles-pour-blog-association\/#breadcrumb"},"inLanguage":"fr-FR","potentialAction":[{"@type":"ReadAction","target":["https:\/\/infolocale.20minutes.fr\/blog\/idees-darticles-pour-blog-association\/"]}]},{"@type":"ImageObject","inLanguage":"fr-FR","@id":"https:\/\/infolocale.20minutes.fr\/blog\/idees-darticles-pour-blog-association\/#primaryimage","url":"https:\/\/www.infolocale.fr\/blog\/wp-content\/uploads\/2021\/08\/idees-articles-blog-association.jpg","contentUrl":"https:\/\/www.infolocale.fr\/blog\/wp-content\/uploads\/2021\/08\/idees-articles-blog-association.jpg","width":900,"height":630,"caption":"id\u00e9es d'articles pour le site ou le blog d'une association"},{"@type":"BreadcrumbList","@id":"https:\/\/infolocale.20minutes.fr\/blog\/idees-darticles-pour-blog-association\/#breadcrumb","itemListElement":[{"@type":"ListItem","position":1,"name":"Blog","item":"https:\/\/infolocale.ouest-france.fr\/blog\/"},{"@type":"ListItem","position":2,"name":"Communication des associations","item":"https:\/\/infolocale.ouest-france.fr\/blog\/cat\/communication-des-associations\/"},{"@type":"ListItem","position":3,"name":"8 id\u00e9es d\u2019articles pour le site de votre association"}]},{"@type":"WebSite","@id":"https:\/\/www.infolocale.fr\/blog\/#website","url":"https:\/\/www.infolocale.fr\/blog\/","name":"","description":"","publisher":{"@id":"https:\/\/www.infolocale.fr\/blog\/#organization"},"potentialAction":[{"@type":"SearchAction","target":{"@type":"EntryPoint","urlTemplate":"https:\/\/www.infolocale.fr\/blog\/?s={search_term_string}"},"query-input":"required name=search_term_string"}],"inLanguage":"fr-FR"},{"@type":"Organization","@id":"https:\/\/www.infolocale.fr\/blog\/#organization","name":"Infolocale","url":"https:\/\/www.infolocale.fr\/blog\/","logo":{"@type":"ImageObject","inLanguage":"fr-FR","@id":"https:\/\/www.infolocale.fr\/blog\/#\/schema\/logo\/image\/","url":"https:\/\/www.infolocale.fr\/blog\/wp-content\/uploads\/2020\/11\/logol.jpg","contentUrl":"https:\/\/www.infolocale.fr\/blog\/wp-content\/uploads\/2020\/11\/logol.jpg","width":1031,"height":398,"caption":"Infolocale"},"image":{"@id":"https:\/\/www.infolocale.fr\/blog\/#\/schema\/logo\/image\/"},"sameAs":["https:\/\/www.facebook.com\/infolocaleFR\/","https:\/\/x.com\/infolocale","https:\/\/www.instagram.com\/infolocale\/","https:\/\/fr.linkedin.com\/company\/infolocale","https:\/\/www.youtube.com\/channel\/UCnv4FA8EYEuu_si3TGr7xeA"]},{"@type":"Person","@id":"https:\/\/www.infolocale.fr\/blog\/#\/schema\/person\/f0f748ece99417833166b3ba8890f3db","name":"Morgan","image":{"@type":"ImageObject","inLanguage":"fr-FR","@id":"https:\/\/www.infolocale.fr\/blog\/#\/schema\/person\/image\/","url":"https:\/\/secure.gravatar.com\/avatar\/a22ec2a0cc817ae9fa3ff7341a213632?s=96&d=mm&r=g","contentUrl":"https:\/\/secure.gravatar.com\/avatar\/a22ec2a0cc817ae9fa3ff7341a213632?s=96&d=mm&r=g","caption":"Morgan"},"url":"https:\/\/www.infolocale.fr\/blog\/author\/morgan-delepine\/"}]}},"_links":{"self":[{"href":"https:\/\/www.infolocale.fr\/blog\/wp-json\/wp\/v2\/posts\/12682"}],"collection":[{"href":"https:\/\/www.infolocale.fr\/blog\/wp-json\/wp\/v2\/posts"}],"about":[{"href":"https:\/\/www.infolocale.fr\/blog\/wp-json\/wp\/v2\/types\/post"}],"author":[{"embeddable":true,"href":"https:\/\/www.infolocale.fr\/blog\/wp-json\/wp\/v2\/users\/2"}],"replies":[{"embeddable":true,"href":"https:\/\/www.infolocale.fr\/blog\/wp-json\/wp\/v2\/comments?post=12682"}],"version-history":[{"count":0,"href":"https:\/\/www.infolocale.fr\/blog\/wp-json\/wp\/v2\/posts\/12682\/revisions"}],"wp:featuredmedia":[{"embeddable":true,"href":"https:\/\/www.infolocale.fr\/blog\/wp-json\/wp\/v2\/media\/12683"}],"wp:attachment":[{"href":"https:\/\/www.infolocale.fr\/blog\/wp-json\/wp\/v2\/media?parent=12682"}],"wp:term":[{"taxonomy":"category","embeddable":true,"href":"https:\/\/www.infolocale.fr\/blog\/wp-json\/wp\/v2\/categories?post=12682"},{"taxonomy":"post_tag","embeddable":true,"href":"https:\/\/www.infolocale.fr\/blog\/wp-json\/wp\/v2\/tags?post=12682"}],"curies":[{"name":"wp","href":"https:\/\/api.w.org\/{rel}","templated":true}]}}