{"id":11000,"date":"2021-06-17T10:03:38","date_gmt":"2021-06-17T08:03:38","guid":{"rendered":"https:\/\/www.infolocale.fr\/blog\/?p=11000"},"modified":"2022-10-28T09:41:11","modified_gmt":"2022-10-28T07:41:11","slug":"communique-de-presse-association","status":"publish","type":"post","link":"https:\/\/www.infolocale.fr\/blog\/communique-de-presse-association\/","title":{"rendered":"Comment \u00e9crire un communiqu\u00e9 de presse pour votre association ?"},"content":{"rendered":"\n<p class=\"has-black-color has-pale-cyan-blue-background-color has-text-color has-background\">En association, pour \u00e9crire un bon <strong>communiqu\u00e9 de presse<\/strong> vous devez, trouver un sujet original qui vous permettra de vous distinguer des autres. Votre email devra porter un objet clair et concis. \u00c9crivez votre communiqu\u00e9 directement dans le corps du texte. Pensez \u00e0 ajouter le contact de l\u2019interlocuteur qui, au sein de votre association, est habilit\u00e9 \u00e0 parler \u00e0 la presse. Pour un \u00e9v\u00e9nement, envoyez vos communiqu\u00e9s au moins un mois avant l\u2019\u00e9ch\u00e9ance. Pour b\u00e9n\u00e9ficier de toute l\u2019attention de votre destinataire, envoyez votre communiqu\u00e9 \u00e0 une heure ad\u00e9quate. D\u2019une mani\u00e8re g\u00e9n\u00e9rale, entretenez des liens \u00e9troits avec votre correspondant ou le journaliste de votre r\u00e9daction locale.\u00a0<\/p>\n\n\n\n<div class=\"wp-block-buttons is-horizontal is-content-justification-center is-layout-flex wp-container-core-buttons-is-layout-1 wp-block-buttons-is-layout-flex\">\n<div class=\"wp-block-button\"><a class=\"wp-block-button__link has-white-color has-luminous-vivid-amber-background-color has-text-color has-background wp-element-button\"><strong>&gt;&gt;Inscrire mon asso \u00e0 Infolocale <\/strong><\/a><\/div>\n<\/div>\n\n\n\n<p>Cet article rassemble les conseils donn\u00e9s durant les diff\u00e9rents <a href=\"https:\/\/www.infolocale.fr\/blog\/visiolocales-communication-evenements-en-ligne\/\">webinaires visiolocales<\/a> organis\u00e9s avec les journalistes des r\u00e9dactions de diff\u00e9rents titres de la presse quotidienne r\u00e9gionale : Ouest-France, Le Maine Libre et la r\u00e9daction des sports Ouest-France. <\/p>\n\n\n\n<h2 class=\"wp-block-heading\">La presse a un r\u00f4le centrale dans la communication des associations<\/h2>\n\n\n\n<p>Les relations presse sont souvent consid\u00e9r\u00e9es comme l\u2019un des \u00e9l\u00e9ments majeurs dans la communication des associations. Pourtant, de plus en plus de structures pensent pouvoir remplacer les m\u00e9dias traditionnels par une communication en ligne bas\u00e9e sur leur site internet et les r\u00e9seaux sociaux.&nbsp;<\/p>\n\n\n\n<p>Cette solution de facilit\u00e9, si elle est l\u00e9gitime, ne remplace pourtant pas le puissant levier que repr\u00e9sente une pr\u00e9sence dans la presse locale.<\/p>\n\n\n\n<h3 class=\"wp-block-heading\">L&rsquo;\u00e9cueil de la communication orient\u00e9e sur ses propres r\u00e9seaux<\/h3>\n\n\n\n<p>N\u2019utiliser que son site internet pour communiquer, c\u2019est se concentrer vers le SEO et g\u00e9n\u00e9ralement, se tourner vers une cible qui cherche votre activit\u00e9, ou qui la conna\u00eet d\u00e9j\u00e0.&nbsp;<\/p>\n\n\n\n<p>Sur les r\u00e9seaux sociaux, la communication sera majoritairement en direction d\u2019un public captif, d\u00e9j\u00e0 fid\u00e9lis\u00e9. Bien s\u00fbr, il existe toujours une chance, via la viralisation, de toucher des public nouveaux, cependant, elle reste assez faible et se limitera \u00e0 des cercles proches de vos membres.&nbsp;<\/p>\n\n\n\n<h3 class=\"wp-block-heading\">Les avantages de la couverture presse pour une association<\/h3>\n\n\n\n<p>La couverture presse comporte plusieurs avantages. En premier lieu, elle repr\u00e9sente toujours un levier de trafic important, une visibilit\u00e9 vers un public qui ne vous connait pas. En effet, la presse locale, qu&rsquo;elle soit en ligne ou en papier, est lue par des personnes \u00e0 la recherche d\u2019informations sur votre territoire. Ainsi, une diffusion dans le journal vous permet-elle de toucher un public nouveau, vaste et local.<\/p>\n\n\n\n<p>En suite, la presse locale reste le meilleur moyen de toucher les d\u00e9cideurs, les acteurs de l\u2019\u00e9conomie et les politiques. Votre association fait appel \u00e0 des <a href=\"https:\/\/www.infolocale.fr\/blog\/dossier-sponsoring\/\">sponsors<\/a>, des <a href=\"https:\/\/www.infolocale.fr\/blog\/demande-subvention-association\/\">subventions<\/a> ? Appara\u00eetre dans la presse, c\u2019est permettre aux d\u00e9cideurs locaux et aux politiques de vous placer sur la carte des associations de leur territoire. Il sera toujours plus facile de soutenir vos futurs projets devant des d\u00e9cideurs qui savent qui vous \u00eates.<\/p>\n\n\n\n<p>Votre association a tout \u00e0 gagner \u00e0 avoir des relations presse organis\u00e9es. Au-del\u00e0 des relations presse, l\u2019outil majeur du service communication de votre association sera le <strong>communiqu\u00e9 de presse<\/strong>.&nbsp;<\/p>\n\n\n\n<h2 class=\"wp-block-heading\">Constituer le fichier presse de son association<\/h2>\n\n\n\n<p>Un fichier presse est constitu\u00e9 de diff\u00e9rentes sources. Vous pouvez y int\u00e9grer des acteurs locaux, des m\u00e9dias nationaux, des g\u00e9n\u00e9ralistes et des sp\u00e9cialistes. Les m\u00e9dias peuvent \u00eatre des titres de la presse quotidienne r\u00e9gionale, des hebdomadaires ou encore des radios, des t\u00e9l\u00e9visions et m\u00eame des influenceurs.<\/p>\n\n\n\n<h3 class=\"wp-block-heading\">Cr\u00e9er son fichier presse<\/h3>\n\n\n\n<p>Pour constituer votre fichier presse, optez pour un document excel. Rassemblez dans ce document les informations principales sur votre interlocuteur.&nbsp;<\/p>\n\n\n\n<ul class=\"wp-block-list\"><li>Le titre pour lequel il travaille,&nbsp;<\/li><li>Le nom de votre contact,&nbsp;<\/li><li>son pr\u00e9nom,<\/li><li>sa sp\u00e9cialit\u00e9 ou ses responsabilit\u00e9s (journaliste culture, responsable des correspondants\u2026)&nbsp;<\/li><li>son adresse Email,&nbsp;<\/li><li>son num\u00e9ro de t\u00e9l\u00e9phone.&nbsp;<\/li><\/ul>\n\n\n\n<p>Dans le cas des associations, les contacts les plus importants seront g\u00e9n\u00e9ralement les titres de la presse quotidienne et des hebdomadaires r\u00e9gionaux. Ce sont les titres les plus proches de leur territoire et ceux qui seront le plus int\u00e9ress\u00e9s par votre actualit\u00e9.\u00a0<\/p>\n\n\n<div class=\"wp-block-image is-resized\">\n<figure class=\"aligncenter size-large has-lightbox\"><a href=\"https:\/\/www.infolocale.fr\/decouvrir\/deposant\/?utm_source=blog&amp;utm_medium=banner&amp;utm_campaign=blog-content\"><img fetchpriority=\"high\" decoding=\"async\" width=\"1024\" height=\"1024\" src=\"https:\/\/www.infolocale.fr\/blog\/wp-content\/uploads\/2021\/11\/banniere-NLDASSO-carree1500x1500-1024x1024.jpg\" alt=\"\" class=\"wp-image-23946\" srcset=\"https:\/\/www.infolocale.fr\/blog\/wp-content\/uploads\/2021\/11\/banniere-NLDASSO-carree1500x1500-1024x1024.jpg 1024w, https:\/\/www.infolocale.fr\/blog\/wp-content\/uploads\/2021\/11\/banniere-NLDASSO-carree1500x1500-300x300.jpg 300w, https:\/\/www.infolocale.fr\/blog\/wp-content\/uploads\/2021\/11\/banniere-NLDASSO-carree1500x1500-150x150.jpg 150w, https:\/\/www.infolocale.fr\/blog\/wp-content\/uploads\/2021\/11\/banniere-NLDASSO-carree1500x1500-768x768.jpg 768w, https:\/\/www.infolocale.fr\/blog\/wp-content\/uploads\/2021\/11\/banniere-NLDASSO-carree1500x1500.jpg 1500w\" sizes=\"(max-width: 1024px) 100vw, 1024px\" \/><\/a><\/figure><\/div>\n\n\n<h2 class=\"wp-block-heading\">Entretenir des rapports \u00e9troits avec la presse<\/h2>\n\n\n\n<p>Durant les <a href=\"https:\/\/www.infolocale.fr\/blog\/visiolocales-communication-evenements-en-ligne\/\">webinaires<\/a> organis\u00e9s par Infolocale, nous avons pu constater que beaucoup d\u2019associations pouvaient \u00eatre insatisfaites de leur couverture presse. Parall\u00e8lement, elles \u00e9taient aussi nombreuses \u00e0 dire qu\u2019elles n\u2019envoyaient que peu de communiqu\u00e9s aux r\u00e9dactions locales de leur territoire.<\/p>\n\n\n\n<p>Pourtant, la cl\u00e9 de la r\u00e9ussite de vos <strong>communiqu\u00e9s de presse<\/strong> passera non seulement par une communication r\u00e9guli\u00e8re, mais aussi par l\u2019entretien de liens entre vous et ceux qui assurent la couverture de vos \u00e9v\u00e9nements.<\/p>\n\n\n\n<h3 class=\"wp-block-heading\">Envoyez r\u00e9guli\u00e8rement vos communiqu\u00e9s de presse \u00e0 votre r\u00e9daction locale<\/h3>\n\n\n\n<p>Les journalistes n\u2019ont pas l\u2019agenda des associations de leur territoire en t\u00eate. Si vous n\u2019envoyez pas r\u00e9guli\u00e8rement d\u2019information \u00e0 votre sujet, ils n\u2019auront aucun moyen de conna\u00eetre votre actualit\u00e9.&nbsp;<\/p>\n\n\n\n<div style=\"height:100px\" aria-hidden=\"true\" class=\"wp-block-spacer\"><\/div>\n\n\n\n<figure class=\"wp-block-pullquote\"><blockquote><p>Il se passe des choses [dans les associations, sur les territoires] dont nous n\u2019avons pas toujours connaissance et qui pourtant, m\u00e9riteraient de figurer dans les agendas, dans les id\u00e9es de sorties du journal.<\/p><cite>Source : Fr\u00e9d\u00e9ric Barill\u00e9 \u2013 R\u00e9dacteur en chef du Maine Libre (72)<br>Webinaire Collectivit\u00e9.&nbsp;<a href=\"https:\/\/www.youtube.com\/watch?v=EzQ5xyhqATA\" target=\"_blank\" rel=\"noreferrer noopener\">Communiquez votre information locale<\/a>&nbsp;dans Le Maine Libre<\/cite><\/blockquote><\/figure>\n\n\n\n<div style=\"height:100px\" aria-hidden=\"true\" class=\"wp-block-spacer\"><\/div>\n\n\n\n<p>Bien s\u00fbr, chaque communiqu\u00e9 ne donnera pas lieu \u00e0 un article et cela peut parfois \u00eatre d\u00e9motivant. Cependant, essayez de fixer cette habitude et de r\u00e9guli\u00e8rement envoyer de vos nouvelles aux r\u00e9dactions locales de votre territoire.&nbsp;&nbsp;&nbsp;<\/p>\n\n\n\n<h3 class=\"wp-block-heading\">Conna\u00eetre vos interlocuteurs<\/h3>\n\n\n\n<p>Au-del\u00e0 de la communication, obtenir une couverture presse peut aussi reposer sur des rapports humains \u00e9troits avec votre r\u00e9daction ou avec votre correspondant.&nbsp;<\/p>\n\n\n\n<p>Vous devriez conna\u00eetre le nom de votre correspondant, son adresse Email, et pourquoi pas son t\u00e9l\u00e9phone. Vous devriez communiquer avec lui non seulement pour l\u2019informer sur la vie de votre association, mais aussi, pour comprendre ses attentes et avoir une id\u00e9e claire de la ligne \u00e9ditoriale de votre titre local. Plus vous ma\u00eetriserez cette notion, plus vos <strong>communiqu\u00e9s de presse<\/strong> seront pertinents.<\/p>\n\n\n\n<p>Le succ\u00e8s de vos <strong>communiqu\u00e9s de presse<\/strong> repose autant sur la qualit\u00e9 de votre communication que sur la qualit\u00e9 de vos \u00e9changes avec votre correspondant local.<\/p>\n\n\n\n<h2 class=\"wp-block-heading\">Savoir \u00e0 quel moment envoyer son communiqu\u00e9 de presse<\/h2>\n\n\n\n<p>Le succ\u00e8s d\u2019un communiqu\u00e9 de presse ne repose pas uniquement sur son contenu. Il est un autre facteur important que vous devez prendre en compte, c\u2019est celui de la disponibilit\u00e9 de votre interlocuteur.&nbsp;<\/p>\n\n\n\n<p>Le facteur temps peut \u00eatre s\u00e9par\u00e9 en deux \u00e9l\u00e9ments. Le premier est celui de l\u2019heure id\u00e9ale \u00e0 laquelle envoyer un communiqu\u00e9 de presse. Le second est celui de savoir combien de temps \u00e0 l\u2019avance vous devez pr\u00e9venir votre r\u00e9daction locale d\u2019un \u00e9v\u00e9nement qui arrive.<\/p>\n\n\n\n<h3 class=\"wp-block-heading\">A quelle heure envoyer un communiqu\u00e9 de presse ?<\/h3>\n\n\n\n<p>Pour comprendre ce probl\u00e8me, vous devez imaginer la journ\u00e9e type d\u2019un journaliste. Celle-ci est d\u00e9coup\u00e9e entre diff\u00e9rents moment au bureau et en dehors de celui-ci.&nbsp;<\/p>\n\n\n\n<p>Ainsi, pendant ces moments \u00e0 l\u2019ext\u00e9rieur, un journaliste :&nbsp;<\/p>\n\n\n\n<ul class=\"wp-block-list\"><li>rencontre ses interlocuteurs,&nbsp;<\/li><li>r\u00e9alise ses interviews,&nbsp;<\/li><li>accumule les informations utiles \u00e0 la r\u00e9daction de ses articles,&nbsp;<\/li><li>prend des photos et vid\u00e9os&#8230;<\/li><\/ul>\n\n\n\n<p>En outre, en fin d&rsquo;apr\u00e8s-midi, les journalistes de presse quotidienne r\u00e9gionale sont g\u00e9n\u00e9ralement particuli\u00e8rement pris :<\/p>\n\n\n\n<ul class=\"wp-block-list\"><li>par le bouclage du journal,&nbsp;<\/li><li>par la r\u00e9daction de leurs articles&nbsp;<\/li><\/ul>\n\n\n\n<p>Ces deux moments sont probablement les plus mauvais pour capter l\u2019attention d\u2019un journaliste. Un mail re\u00e7u pendant ces deux p\u00e9riodes ne b\u00e9n\u00e9ficiera pas d\u2019une lecture dans des conditions optimales.<\/p>\n\n\n\n<p>Pour augmenter les chances de votre communiqu\u00e9 d\u2019\u00eatre lu :&nbsp;<\/p>\n\n\n\n<ul class=\"wp-block-list\"><li>Privil\u00e9giez le matin et le d\u00e9but d\u2019apr\u00e8s-midi pour envoyer vos communiqu\u00e9s. Ce sont des moments ou les journalistes sont le plus prompt \u00e0 avoir des disponibilit\u00e9s pour des \u00e9l\u00e9ments ext\u00e9rieurs.&nbsp;<\/li><li>Cependant, chaque personne est diff\u00e9rente. Aussi, id\u00e9alement, voyez directement avec votre journaliste local le moment id\u00e9al pour lui envoyer vos mails.&nbsp;<\/li><\/ul>\n\n\n\n<h3 class=\"wp-block-heading\">Combien de temps \u00e0 l\u2019avance pr\u00e9venir sa r\u00e9daction locale ?<\/h3>\n\n\n\n<p>Pendant nos webinaires avec la presse, les journalistes invit\u00e9s ont rapport\u00e9 que les associations avaient tendance \u00e0 envoyer leurs communiqu\u00e9s de presse beaucoup trop tardivement.&nbsp;<\/p>\n\n\n\n<div style=\"height:100px\" aria-hidden=\"true\" class=\"wp-block-spacer\"><\/div>\n\n\n\n<figure class=\"wp-block-pullquote\"><blockquote><p>Il y a effectivement un timing. Dans la plupart des cas, les invitations arrivent trop tardivement \u00e0 la r\u00e9daction. Id\u00e9alement, envoyez un premier mail d\u00e9crivant votre \u00e9v\u00e9nement trois semaines avant.<\/p><cite>Source : Jo\u00ebl Bigorgne \u2013 Directeur d\u00e9partemental des C\u00f4tes d\u2019Armor (22) \u2013 Ouest-France<br>Associations.&nbsp;<a href=\"https:\/\/www.youtube.com\/watch?v=MKvBNMNafX8&amp;t=01s\" target=\"_blank\" rel=\"noreferrer noopener\">Communiquez avec votre r\u00e9daction locale<\/a>&nbsp;Ouest-France 22<\/cite><\/blockquote><\/figure>\n\n\n\n<div style=\"height:100px\" aria-hidden=\"true\" class=\"wp-block-spacer\"><\/div>\n\n\n\n<p>En effet, les planning des journalistes se remplissent tr\u00e8s en amont de la parution du journal. Aussi, si vous communiquez pour un \u00e9v\u00e9nement 10 jours avant le jour J, il est possible que la r\u00e9daction ne puisse y d\u00e9p\u00eacher un journaliste.<\/p>\n\n\n\n<p>Ainsi est-il conseill\u00e9 de pr\u00e9venir un \u00e0 deux mois avant la date de l\u2019\u00e9v\u00e9nement. Ensuite, en cas de silence de la r\u00e9daction, relancez apr\u00e8s deux semaines, puis finalement quelques jours avant.<\/p>\n\n\n\n<h2 class=\"wp-block-heading\">Trouver des sujets originaux pour attirer la presse<\/h2>\n\n\n\n<p>Les journalistes de la presse r\u00e9gionale sont nombreux \u00e0 chercher des angles originaux et des sujets nouveaux pour alimenter leurs pages. Pourtant, quand elles communiquent, beaucoup d&rsquo;associations r\u00e9p\u00e8tent des sch\u00e9mas \u00e9cul\u00e9s en utilisant souvent les m\u00eames sujets.<\/p>\n\n\n\n<p>Dans un <strong>communiqu\u00e9s de presse en association<\/strong>, essayez de trouver de nouvelles fa\u00e7ons d\u2019aborder vos sujets et de parler de votre association.<\/p>\n\n\n\n<h3 class=\"wp-block-heading\">Des sujets rarement trait\u00e9s par la presse<\/h3>\n\n\n\n<p>Les lignes \u00e9ditoriales des journaux \u00e9voluent et la concurrence du web \u00e0 conduit les journalistes \u00e0 une plus grande exigence. Aujourd\u2019hui, l\u2019accent est mis sur les sujets originaux se distinguant de ce qui a d\u00e9j\u00e0 \u00e9t\u00e9 fait.&nbsp;&nbsp;<\/p>\n\n\n\n<p>Pour obtenir un article, une association devra orienter ses <strong>communiqu\u00e9s de presse<\/strong> sur des sujets capables de sortir du lot. En outre, souvenez-vous que la place dans un journal est limit\u00e9 :<\/p>\n\n\n\n<ul class=\"wp-block-list\"><li>par le nombre de page du journal papier,<\/li><li>Pour les sites internet, par les \u00e9quipes que votre journal peut mobiliser,<\/li><li>Mais aussi, par les sujets qu\u2019une r\u00e9daction traite ou ne traite pas.<\/li><\/ul>\n\n\n\n<p>Ainsi, il semble difficile de parvenir \u00e0 d\u00e9crocher un article en envoyant un <strong>communiqu\u00e9 de presse<\/strong> sur des sujets trop souvent publi\u00e9s du type :&nbsp;<\/p>\n\n\n\n<ul class=\"wp-block-list\"><li>La galette des rois de votre association<\/li><li>La remise des maillots des clubs de sports<\/li><li>L\u2019<a href=\"https:\/\/www.infolocale.fr\/blog\/assemblee-generale-association\/\">assembl\u00e9e g\u00e9n\u00e9rale<\/a>.<\/li><\/ul>\n\n\n\n<h3 class=\"wp-block-heading\">Pour obtenir une couverture presse, sortez du lot<\/h3>\n\n\n\n<p>Voici quelques pistes que vous pourriez explorer afin de vous d\u00e9tacher du lot et de proposer des sujets et des angles nouveaux \u00e0 votre correspondant local.<\/p>\n\n\n\n<h4 class=\"wp-block-heading\">Les portraits<\/h4>\n\n\n\n<p>Il peut se pencher sur un profil original, un b\u00e9n\u00e9vole, une personne dans votre association. Ce peut \u00eatre un parcours atypique ou un engagement de tr\u00e8s longue date. Pour les associations sportives, ce peut aussi \u00eatre une personne prise en s\u00e9lection r\u00e9gionale ou nationale.<\/p>\n\n\n\n<h4 class=\"wp-block-heading\">Les sujets : projets<\/h4>\n\n\n\n<p>Ils sont nombreux. Votre association va obtenir un nouveau terrain ou une nouvelle salle. Vous allez ouvrir une nouvelle section, ou effectuer un recrutement. Vous lancez un <a href=\"https:\/\/www.infolocale.fr\/blog\/campagne-financement-participatif-association\/\">crowdfunding pour votre association<\/a>, pour vous aider \u00e0 couvrir les frais de vos projets, pour financer l\u2019ann\u00e9e \u00e0 venir.<\/p>\n\n\n\n<h4 class=\"wp-block-heading\">Les annonces d\u2019\u00e9v\u00e9nements<\/h4>\n\n\n\n<p>C\u2019est probablement le sujet le plus courant, celui sur lequel vous aurez le plus de facilit\u00e9 \u00e0 communiquer et pour lequel vous attendrez le plus de retour. L\u2019annonce d\u2019\u00e9v\u00e9nement consiste \u00e0 essayer de communiquer vers les m\u00e9dias de mani\u00e8re \u00e0 obtenir une couverture et attirer un plus large public vers vos \u00e9v\u00e9nements, matches, concerts&#8230;&nbsp;<\/p>\n\n\n\n<h4 class=\"wp-block-heading\">Papier transversaux sur votre pratique<\/h4>\n\n\n\n<p>C\u2019est un sujet auquel on pense moins r\u00e9guli\u00e8rement, ce sera peut-\u00eatre plus aux ligues ou aux f\u00e9d\u00e9rations d\u2019y penser, mais les associations peuvent aussi \u00eatre \u00e0 l\u2019initiative. Il s\u2019agit de mettre en avant une pratique, une discipline, une activit\u00e9 sur un territoire, une r\u00e9gion. Ici on ne cherche pas uniquement \u00e0 mettre en avant son association, mais au travers d\u2019un sujet g\u00e9n\u00e9raliste, de faire b\u00e9n\u00e9ficier d\u2019un levier m\u00e9diatique pour toutes les associations partageant cette pratique sur un territoire. Ce type de communiqu\u00e9 est particuli\u00e8rement adapt\u00e9 aux nouvelles disciplines, aux pratiques en croissances, pour utiliser un \u00e9v\u00e9nement m\u00e9diatique pour capter la lumi\u00e8re vers vous&#8230;.<\/p>\n\n\n\n<h2 class=\"wp-block-heading\">Construire son communiqu\u00e9 de presse<\/h2>\n\n\n\n<p>La construction de votre <strong>communiqu\u00e9 de presse<\/strong> passe par plusieurs \u00e9tapes dont les plus importante sont :&nbsp;le titre&nbsp;et le contenu<\/p>\n\n\n\n<h3 class=\"wp-block-heading\">Le titre de votre communiqu\u00e9 de presse<\/h3>\n\n\n\n<p>Chaque jour, ce sont potentiellement plusieurs dizaines de <strong>communiqu\u00e9s de presse<\/strong> qui tombent dans la bo\u00eete mail d\u2019un journaliste. Votre communiqu\u00e9 devra donc \u00eatre en mesure de retenir l\u2019attention au milieu de tous les autres.<\/p>\n\n\n\n<div style=\"height:100px\" aria-hidden=\"true\" class=\"wp-block-spacer\"><\/div>\n\n\n\n<figure class=\"wp-block-pullquote\"><blockquote><p>Il ne faut pas perdre de vue qu\u2019un journaliste peut recevoir des dizaines de communiqu\u00e9s de presse par jour. Des infos qu\u2019il lui faut trier avec plus ou moins de c\u00e9l\u00e9rit\u00e9. Plus on re\u00e7oit de communiqu\u00e9s, plus ils doivent \u00eatre bien ficel\u00e9s pour attirer l\u2019attention du journaliste.<\/p><cite>Source : Renaud Pelard \u2013 Chef de service \u00e0 la r\u00e9daction des sports &#8211; Ouest-France<br>Visiolocale :&nbsp;<a rel=\"noreferrer noopener\" href=\"https:\/\/www.infolocale.fr\/blog\/communique-de-presse-sport\/\" target=\"_blank\">Associations sportives.<\/a> Comment r\u00e9diger un communiqu\u00e9 de presse<\/cite><\/blockquote><\/figure>\n\n\n\n<div style=\"height:100px\" aria-hidden=\"true\" class=\"wp-block-spacer\"><\/div>\n\n\n\n<p>Dans cette comp\u00e9tition \u00e0 la visibilit\u00e9, votre titre est primordial.&nbsp;<\/p>\n\n\n\n<p>Le titre de votre <strong>communiqu\u00e9 de presse<\/strong> <strong>d&rsquo;association<\/strong> doit \u00eatre court, concis, riche en information et se distinguer des mails commerciaux que beaucoup auront tendance \u00e0 directement effacer. Il doit, en peu de mots, informer le journaliste qui en est destinataire sur la nature de votre message.&nbsp;&nbsp;&nbsp;&nbsp;<\/p>\n\n\n\n<h3 class=\"wp-block-heading\">La r\u00e9daction du communiqu\u00e9 de presse<\/h3>\n\n\n\n<p>Ecrivez votre communiqu\u00e9 directement dans le corps de votre mail. Ici aussi soyez clair. Pensez \u00e0 donner les informations utiles. Pour un \u00e9v\u00e9nement, n\u2019oubliez pas d&rsquo;indiquer :&nbsp;<\/p>\n\n\n\n<ul class=\"wp-block-list\"><li>le o\u00f9 ? (lieu de l\u2019\u00e9v\u00e9nement)<\/li><li>Le quoi ? (le programmation)<\/li><li>Le quand ? (les dates)<\/li><li>Le combien ?&nbsp; (le prix d\u2019entr\u00e9e)<\/li><\/ul>\n\n\n\n<p>Pensez \u00e0 ajouter toute information utile \u00e0 votre public. Enfin, n\u2019oubliez pas d\u2019ajouter le contact d\u2019un interlocuteur, dans votre association, habilit\u00e9 \u00e0 parler \u00e0 la presse ou d\u2019un sp\u00e9cialiste du domaine abord\u00e9. Ajoutez son num\u00e9ro de t\u00e9l\u00e9phone, il est probable que dans un souci de rapidit\u00e9, votre correspondant cherche \u00e0 le joindre directement.&nbsp;<\/p>\n\n\n\n<h3 class=\"wp-block-heading\">Les photos<\/h3>\n\n\n\n<p>Si vous ajoutez des photos, assurez vous d\u2019en poss\u00e9der les droits. Vous devrez joindre tous les \u00e9l\u00e9ments l\u00e9gaux permettant la publication de vos images. Dans le cas contraire, vos documents ne seront pas utilis\u00e9s par le journal.&nbsp;<\/p>\n\n\n\n<p>Int\u00e9grez des images repr\u00e9sentatives de l\u2019op\u00e9ration pour laquelle vous communiquez. dans une qualit\u00e9 permettant un passage dans le papier (300 dpi minimum) ou sur le web (72 dpi).<\/p>\n\n\n\n<figure class=\"wp-block-embed is-type-video is-provider-youtube wp-block-embed-youtube wp-embed-aspect-16-9 wp-has-aspect-ratio\"><div class=\"wp-block-embed__wrapper\">\n<iframe title=\"Relations presse et associations. Renforcez les liens avec votre r\u00e9daction locale | Atelier en ligne\" width=\"1020\" height=\"574\" src=\"https:\/\/www.youtube.com\/embed\/MKvBNMNafX8?list=PLE6MweiS39Q1DpOUYMrvA85g-q6hKMH84\" frameborder=\"0\" allow=\"accelerometer; autoplay; clipboard-write; encrypted-media; gyroscope; picture-in-picture\" allowfullscreen><\/iframe>\n<\/div><figcaption>Cet article rassemble les informations provenant de plusieurs webinaires organis\u00e9s par Infolocale avec des r\u00e9dactions des grands titres de la presse quotidienne r\u00e9gionale. Vous pouvez les retrouver sur notre <a href=\"https:\/\/www.youtube.com\/channel\/UCnv4FA8EYEuu_si3TGr7xeA\" target=\"_blank\" rel=\"noreferrer noopener\">cha\u00eene Youtube<\/a>.<\/figcaption><\/figure>\n","protected":false},"excerpt":{"rendered":"<p>En association, pour \u00e9crire un bon communiqu\u00e9 de presse vous devez, trouver un sujet original qui vous permettra de vous distinguer des autres. Votre email [&hellip;]<\/p>\n","protected":false},"author":2,"featured_media":11003,"comment_status":"open","ping_status":"open","sticky":false,"template":"","format":"standard","meta":{"_coblocks_attr":"","_coblocks_dimensions":"","_coblocks_responsive_height":"","_coblocks_accordion_ie_support":"","_mo_disable_npp":"","footnotes":""},"categories":[69],"tags":[100],"class_list":["post-11000","post","type-post","status-publish","format-standard","has-post-thumbnail","hentry","category-communication-des-associations","tag-relations-presse"],"yoast_head":"<!-- This site is optimized with the Yoast SEO plugin v23.2 - https:\/\/yoast.com\/wordpress\/plugins\/seo\/ -->\n<title>Ecrire un communiqu\u00e9 de presse en association. Conseils de journalistes |<\/title>\n<meta name=\"description\" content=\"Votre email devra porter un objet clair et concis. \u00c9crivez votre communiqu\u00e9 de presse directement dans le corps du texte. Pensez \u00e0 ajouter le contact de l\u2019int...\" \/>\n<meta name=\"robots\" content=\"index, follow, max-snippet:-1, max-image-preview:large, max-video-preview:-1\" \/>\n<link rel=\"canonical\" href=\"https:\/\/infolocale.ouest-france.fr\/blog\/communique-de-presse-association\/\" \/>\n<meta property=\"og:locale\" content=\"fr_FR\" \/>\n<meta property=\"og:type\" content=\"article\" \/>\n<meta property=\"og:title\" content=\"Ecrire un communiqu\u00e9 de presse en association. Conseils de journalistes |\" \/>\n<meta property=\"og:description\" content=\"Votre email devra porter un objet clair et concis. \u00c9crivez votre communiqu\u00e9 de presse directement dans le corps du texte. Pensez \u00e0 ajouter le contact de l\u2019int...\" \/>\n<meta property=\"og:url\" content=\"https:\/\/infolocale.ouest-france.fr\/blog\/communique-de-presse-association\/\" \/>\n<meta property=\"article:publisher\" content=\"https:\/\/www.facebook.com\/infolocaleFR\/\" \/>\n<meta property=\"article:published_time\" content=\"2021-06-17T08:03:38+00:00\" \/>\n<meta property=\"article:modified_time\" content=\"2022-10-28T07:41:11+00:00\" \/>\n<meta property=\"og:image\" content=\"https:\/\/infolocale.ouest-france.fr\/blog\/wp-content\/uploads\/2021\/06\/communique-de-presse-association.jpg\" \/>\n\t<meta property=\"og:image:width\" content=\"1200\" \/>\n\t<meta property=\"og:image:height\" content=\"630\" \/>\n\t<meta property=\"og:image:type\" content=\"image\/jpeg\" \/>\n<meta name=\"author\" content=\"Morgan\" \/>\n<meta name=\"twitter:card\" content=\"summary_large_image\" \/>\n<meta name=\"twitter:creator\" content=\"@infolocale\" \/>\n<meta name=\"twitter:site\" content=\"@infolocale\" \/>\n<meta name=\"twitter:label1\" content=\"\u00c9crit par\" \/>\n\t<meta name=\"twitter:data1\" content=\"Morgan\" \/>\n\t<meta name=\"twitter:label2\" content=\"Dur\u00e9e de lecture estim\u00e9e\" \/>\n\t<meta name=\"twitter:data2\" content=\"12 minutes\" \/>\n<script type=\"application\/ld+json\" class=\"yoast-schema-graph\">{\"@context\":\"https:\/\/schema.org\",\"@graph\":[{\"@type\":\"Article\",\"@id\":\"https:\/\/infolocale.ouest-france.fr\/blog\/communique-de-presse-association\/#article\",\"isPartOf\":{\"@id\":\"https:\/\/infolocale.ouest-france.fr\/blog\/communique-de-presse-association\/\"},\"author\":{\"name\":\"Morgan\",\"@id\":\"https:\/\/www.infolocale.fr\/blog\/#\/schema\/person\/f0f748ece99417833166b3ba8890f3db\"},\"headline\":\"Comment \u00e9crire un communiqu\u00e9 de presse pour votre association ?\",\"datePublished\":\"2021-06-17T08:03:38+00:00\",\"dateModified\":\"2022-10-28T07:41:11+00:00\",\"mainEntityOfPage\":{\"@id\":\"https:\/\/infolocale.ouest-france.fr\/blog\/communique-de-presse-association\/\"},\"wordCount\":2592,\"commentCount\":3,\"publisher\":{\"@id\":\"https:\/\/www.infolocale.fr\/blog\/#organization\"},\"image\":{\"@id\":\"https:\/\/infolocale.ouest-france.fr\/blog\/communique-de-presse-association\/#primaryimage\"},\"thumbnailUrl\":\"https:\/\/www.infolocale.fr\/blog\/wp-content\/uploads\/2021\/06\/communique-de-presse-association.jpg\",\"keywords\":[\"Relations presse\"],\"articleSection\":[\"Communication des associations\"],\"inLanguage\":\"fr-FR\",\"potentialAction\":[{\"@type\":\"CommentAction\",\"name\":\"Comment\",\"target\":[\"https:\/\/infolocale.ouest-france.fr\/blog\/communique-de-presse-association\/#respond\"]}]},{\"@type\":\"WebPage\",\"@id\":\"https:\/\/infolocale.ouest-france.fr\/blog\/communique-de-presse-association\/\",\"url\":\"https:\/\/infolocale.ouest-france.fr\/blog\/communique-de-presse-association\/\",\"name\":\"Ecrire un communiqu\u00e9 de presse en association. Conseils de journalistes |\",\"isPartOf\":{\"@id\":\"https:\/\/www.infolocale.fr\/blog\/#website\"},\"primaryImageOfPage\":{\"@id\":\"https:\/\/infolocale.ouest-france.fr\/blog\/communique-de-presse-association\/#primaryimage\"},\"image\":{\"@id\":\"https:\/\/infolocale.ouest-france.fr\/blog\/communique-de-presse-association\/#primaryimage\"},\"thumbnailUrl\":\"https:\/\/www.infolocale.fr\/blog\/wp-content\/uploads\/2021\/06\/communique-de-presse-association.jpg\",\"datePublished\":\"2021-06-17T08:03:38+00:00\",\"dateModified\":\"2022-10-28T07:41:11+00:00\",\"description\":\"Votre email devra porter un objet clair et concis. \u00c9crivez votre communiqu\u00e9 de presse directement dans le corps du texte. Pensez \u00e0 ajouter le contact de l\u2019int...\",\"breadcrumb\":{\"@id\":\"https:\/\/infolocale.ouest-france.fr\/blog\/communique-de-presse-association\/#breadcrumb\"},\"inLanguage\":\"fr-FR\",\"potentialAction\":[{\"@type\":\"ReadAction\",\"target\":[\"https:\/\/infolocale.ouest-france.fr\/blog\/communique-de-presse-association\/\"]}]},{\"@type\":\"ImageObject\",\"inLanguage\":\"fr-FR\",\"@id\":\"https:\/\/infolocale.ouest-france.fr\/blog\/communique-de-presse-association\/#primaryimage\",\"url\":\"https:\/\/www.infolocale.fr\/blog\/wp-content\/uploads\/2021\/06\/communique-de-presse-association.jpg\",\"contentUrl\":\"https:\/\/www.infolocale.fr\/blog\/wp-content\/uploads\/2021\/06\/communique-de-presse-association.jpg\",\"width\":1200,\"height\":630,\"caption\":\"Comment \u00e9crire un communiqu\u00e9 de presse pour une association ?\"},{\"@type\":\"BreadcrumbList\",\"@id\":\"https:\/\/infolocale.ouest-france.fr\/blog\/communique-de-presse-association\/#breadcrumb\",\"itemListElement\":[{\"@type\":\"ListItem\",\"position\":1,\"name\":\"Blog\",\"item\":\"https:\/\/infolocale.ouest-france.fr\/blog\/\"},{\"@type\":\"ListItem\",\"position\":2,\"name\":\"Communication des associations\",\"item\":\"https:\/\/infolocale.ouest-france.fr\/blog\/cat\/communication-des-associations\/\"},{\"@type\":\"ListItem\",\"position\":3,\"name\":\"Comment \u00e9crire un communiqu\u00e9 de presse pour votre association ?\"}]},{\"@type\":\"WebSite\",\"@id\":\"https:\/\/www.infolocale.fr\/blog\/#website\",\"url\":\"https:\/\/www.infolocale.fr\/blog\/\",\"name\":\"\",\"description\":\"\",\"publisher\":{\"@id\":\"https:\/\/www.infolocale.fr\/blog\/#organization\"},\"potentialAction\":[{\"@type\":\"SearchAction\",\"target\":{\"@type\":\"EntryPoint\",\"urlTemplate\":\"https:\/\/www.infolocale.fr\/blog\/?s={search_term_string}\"},\"query-input\":\"required name=search_term_string\"}],\"inLanguage\":\"fr-FR\"},{\"@type\":\"Organization\",\"@id\":\"https:\/\/www.infolocale.fr\/blog\/#organization\",\"name\":\"Infolocale\",\"url\":\"https:\/\/www.infolocale.fr\/blog\/\",\"logo\":{\"@type\":\"ImageObject\",\"inLanguage\":\"fr-FR\",\"@id\":\"https:\/\/www.infolocale.fr\/blog\/#\/schema\/logo\/image\/\",\"url\":\"https:\/\/www.infolocale.fr\/blog\/wp-content\/uploads\/2020\/11\/logol.jpg\",\"contentUrl\":\"https:\/\/www.infolocale.fr\/blog\/wp-content\/uploads\/2020\/11\/logol.jpg\",\"width\":1031,\"height\":398,\"caption\":\"Infolocale\"},\"image\":{\"@id\":\"https:\/\/www.infolocale.fr\/blog\/#\/schema\/logo\/image\/\"},\"sameAs\":[\"https:\/\/www.facebook.com\/infolocaleFR\/\",\"https:\/\/x.com\/infolocale\",\"https:\/\/www.instagram.com\/infolocale\/\",\"https:\/\/fr.linkedin.com\/company\/infolocale\",\"https:\/\/www.youtube.com\/channel\/UCnv4FA8EYEuu_si3TGr7xeA\"]},{\"@type\":\"Person\",\"@id\":\"https:\/\/www.infolocale.fr\/blog\/#\/schema\/person\/f0f748ece99417833166b3ba8890f3db\",\"name\":\"Morgan\",\"image\":{\"@type\":\"ImageObject\",\"inLanguage\":\"fr-FR\",\"@id\":\"https:\/\/www.infolocale.fr\/blog\/#\/schema\/person\/image\/\",\"url\":\"https:\/\/secure.gravatar.com\/avatar\/a22ec2a0cc817ae9fa3ff7341a213632?s=96&d=mm&r=g\",\"contentUrl\":\"https:\/\/secure.gravatar.com\/avatar\/a22ec2a0cc817ae9fa3ff7341a213632?s=96&d=mm&r=g\",\"caption\":\"Morgan\"},\"url\":\"https:\/\/www.infolocale.fr\/blog\/author\/morgan-delepine\/\"}]}<\/script>\n<!-- \/ Yoast SEO plugin. -->","yoast_head_json":{"title":"Ecrire un communiqu\u00e9 de presse en association. Conseils de journalistes |","description":"Votre email devra porter un objet clair et concis. \u00c9crivez votre communiqu\u00e9 de presse directement dans le corps du texte. Pensez \u00e0 ajouter le contact de l\u2019int...","robots":{"index":"index","follow":"follow","max-snippet":"max-snippet:-1","max-image-preview":"max-image-preview:large","max-video-preview":"max-video-preview:-1"},"canonical":"https:\/\/infolocale.ouest-france.fr\/blog\/communique-de-presse-association\/","og_locale":"fr_FR","og_type":"article","og_title":"Ecrire un communiqu\u00e9 de presse en association. Conseils de journalistes |","og_description":"Votre email devra porter un objet clair et concis. \u00c9crivez votre communiqu\u00e9 de presse directement dans le corps du texte. Pensez \u00e0 ajouter le contact de l\u2019int...","og_url":"https:\/\/infolocale.ouest-france.fr\/blog\/communique-de-presse-association\/","article_publisher":"https:\/\/www.facebook.com\/infolocaleFR\/","article_published_time":"2021-06-17T08:03:38+00:00","article_modified_time":"2022-10-28T07:41:11+00:00","og_image":[{"width":1200,"height":630,"url":"https:\/\/infolocale.ouest-france.fr\/blog\/wp-content\/uploads\/2021\/06\/communique-de-presse-association.jpg","type":"image\/jpeg"}],"author":"Morgan","twitter_card":"summary_large_image","twitter_creator":"@infolocale","twitter_site":"@infolocale","twitter_misc":{"\u00c9crit par":"Morgan","Dur\u00e9e de lecture estim\u00e9e":"12 minutes"},"schema":{"@context":"https:\/\/schema.org","@graph":[{"@type":"Article","@id":"https:\/\/infolocale.ouest-france.fr\/blog\/communique-de-presse-association\/#article","isPartOf":{"@id":"https:\/\/infolocale.ouest-france.fr\/blog\/communique-de-presse-association\/"},"author":{"name":"Morgan","@id":"https:\/\/www.infolocale.fr\/blog\/#\/schema\/person\/f0f748ece99417833166b3ba8890f3db"},"headline":"Comment \u00e9crire un communiqu\u00e9 de presse pour votre association ?","datePublished":"2021-06-17T08:03:38+00:00","dateModified":"2022-10-28T07:41:11+00:00","mainEntityOfPage":{"@id":"https:\/\/infolocale.ouest-france.fr\/blog\/communique-de-presse-association\/"},"wordCount":2592,"commentCount":3,"publisher":{"@id":"https:\/\/www.infolocale.fr\/blog\/#organization"},"image":{"@id":"https:\/\/infolocale.ouest-france.fr\/blog\/communique-de-presse-association\/#primaryimage"},"thumbnailUrl":"https:\/\/www.infolocale.fr\/blog\/wp-content\/uploads\/2021\/06\/communique-de-presse-association.jpg","keywords":["Relations presse"],"articleSection":["Communication des associations"],"inLanguage":"fr-FR","potentialAction":[{"@type":"CommentAction","name":"Comment","target":["https:\/\/infolocale.ouest-france.fr\/blog\/communique-de-presse-association\/#respond"]}]},{"@type":"WebPage","@id":"https:\/\/infolocale.ouest-france.fr\/blog\/communique-de-presse-association\/","url":"https:\/\/infolocale.ouest-france.fr\/blog\/communique-de-presse-association\/","name":"Ecrire un communiqu\u00e9 de presse en association. Conseils de journalistes |","isPartOf":{"@id":"https:\/\/www.infolocale.fr\/blog\/#website"},"primaryImageOfPage":{"@id":"https:\/\/infolocale.ouest-france.fr\/blog\/communique-de-presse-association\/#primaryimage"},"image":{"@id":"https:\/\/infolocale.ouest-france.fr\/blog\/communique-de-presse-association\/#primaryimage"},"thumbnailUrl":"https:\/\/www.infolocale.fr\/blog\/wp-content\/uploads\/2021\/06\/communique-de-presse-association.jpg","datePublished":"2021-06-17T08:03:38+00:00","dateModified":"2022-10-28T07:41:11+00:00","description":"Votre email devra porter un objet clair et concis. \u00c9crivez votre communiqu\u00e9 de presse directement dans le corps du texte. Pensez \u00e0 ajouter le contact de l\u2019int...","breadcrumb":{"@id":"https:\/\/infolocale.ouest-france.fr\/blog\/communique-de-presse-association\/#breadcrumb"},"inLanguage":"fr-FR","potentialAction":[{"@type":"ReadAction","target":["https:\/\/infolocale.ouest-france.fr\/blog\/communique-de-presse-association\/"]}]},{"@type":"ImageObject","inLanguage":"fr-FR","@id":"https:\/\/infolocale.ouest-france.fr\/blog\/communique-de-presse-association\/#primaryimage","url":"https:\/\/www.infolocale.fr\/blog\/wp-content\/uploads\/2021\/06\/communique-de-presse-association.jpg","contentUrl":"https:\/\/www.infolocale.fr\/blog\/wp-content\/uploads\/2021\/06\/communique-de-presse-association.jpg","width":1200,"height":630,"caption":"Comment \u00e9crire un communiqu\u00e9 de presse pour une association ?"},{"@type":"BreadcrumbList","@id":"https:\/\/infolocale.ouest-france.fr\/blog\/communique-de-presse-association\/#breadcrumb","itemListElement":[{"@type":"ListItem","position":1,"name":"Blog","item":"https:\/\/infolocale.ouest-france.fr\/blog\/"},{"@type":"ListItem","position":2,"name":"Communication des associations","item":"https:\/\/infolocale.ouest-france.fr\/blog\/cat\/communication-des-associations\/"},{"@type":"ListItem","position":3,"name":"Comment \u00e9crire un communiqu\u00e9 de presse pour votre association ?"}]},{"@type":"WebSite","@id":"https:\/\/www.infolocale.fr\/blog\/#website","url":"https:\/\/www.infolocale.fr\/blog\/","name":"","description":"","publisher":{"@id":"https:\/\/www.infolocale.fr\/blog\/#organization"},"potentialAction":[{"@type":"SearchAction","target":{"@type":"EntryPoint","urlTemplate":"https:\/\/www.infolocale.fr\/blog\/?s={search_term_string}"},"query-input":"required name=search_term_string"}],"inLanguage":"fr-FR"},{"@type":"Organization","@id":"https:\/\/www.infolocale.fr\/blog\/#organization","name":"Infolocale","url":"https:\/\/www.infolocale.fr\/blog\/","logo":{"@type":"ImageObject","inLanguage":"fr-FR","@id":"https:\/\/www.infolocale.fr\/blog\/#\/schema\/logo\/image\/","url":"https:\/\/www.infolocale.fr\/blog\/wp-content\/uploads\/2020\/11\/logol.jpg","contentUrl":"https:\/\/www.infolocale.fr\/blog\/wp-content\/uploads\/2020\/11\/logol.jpg","width":1031,"height":398,"caption":"Infolocale"},"image":{"@id":"https:\/\/www.infolocale.fr\/blog\/#\/schema\/logo\/image\/"},"sameAs":["https:\/\/www.facebook.com\/infolocaleFR\/","https:\/\/x.com\/infolocale","https:\/\/www.instagram.com\/infolocale\/","https:\/\/fr.linkedin.com\/company\/infolocale","https:\/\/www.youtube.com\/channel\/UCnv4FA8EYEuu_si3TGr7xeA"]},{"@type":"Person","@id":"https:\/\/www.infolocale.fr\/blog\/#\/schema\/person\/f0f748ece99417833166b3ba8890f3db","name":"Morgan","image":{"@type":"ImageObject","inLanguage":"fr-FR","@id":"https:\/\/www.infolocale.fr\/blog\/#\/schema\/person\/image\/","url":"https:\/\/secure.gravatar.com\/avatar\/a22ec2a0cc817ae9fa3ff7341a213632?s=96&d=mm&r=g","contentUrl":"https:\/\/secure.gravatar.com\/avatar\/a22ec2a0cc817ae9fa3ff7341a213632?s=96&d=mm&r=g","caption":"Morgan"},"url":"https:\/\/www.infolocale.fr\/blog\/author\/morgan-delepine\/"}]}},"_links":{"self":[{"href":"https:\/\/www.infolocale.fr\/blog\/wp-json\/wp\/v2\/posts\/11000"}],"collection":[{"href":"https:\/\/www.infolocale.fr\/blog\/wp-json\/wp\/v2\/posts"}],"about":[{"href":"https:\/\/www.infolocale.fr\/blog\/wp-json\/wp\/v2\/types\/post"}],"author":[{"embeddable":true,"href":"https:\/\/www.infolocale.fr\/blog\/wp-json\/wp\/v2\/users\/2"}],"replies":[{"embeddable":true,"href":"https:\/\/www.infolocale.fr\/blog\/wp-json\/wp\/v2\/comments?post=11000"}],"version-history":[{"count":0,"href":"https:\/\/www.infolocale.fr\/blog\/wp-json\/wp\/v2\/posts\/11000\/revisions"}],"wp:featuredmedia":[{"embeddable":true,"href":"https:\/\/www.infolocale.fr\/blog\/wp-json\/wp\/v2\/media\/11003"}],"wp:attachment":[{"href":"https:\/\/www.infolocale.fr\/blog\/wp-json\/wp\/v2\/media?parent=11000"}],"wp:term":[{"taxonomy":"category","embeddable":true,"href":"https:\/\/www.infolocale.fr\/blog\/wp-json\/wp\/v2\/categories?post=11000"},{"taxonomy":"post_tag","embeddable":true,"href":"https:\/\/www.infolocale.fr\/blog\/wp-json\/wp\/v2\/tags?post=11000"}],"curies":[{"name":"wp","href":"https:\/\/api.w.org\/{rel}","templated":true}]}}